{"id":110589,"date":"2014-05-29T17:20:47","date_gmt":"2014-05-29T16:20:47","guid":{"rendered":"http:\/\/www.cronacaonline.it\/public\/content\/index.php\/29\/05\/2014\/rinaldo-mereu-confermato-segretario-generale-della-uil-pensionati-sardegna"},"modified":"2014-05-29T17:20:47","modified_gmt":"2014-05-29T16:20:47","slug":"rinaldo-mereu-confermato-segretario-generale-della-uil-pensionati-sardegna","status":"publish","type":"post","link":"https:\/\/www.cronacaonline.it\/index.php\/2014\/05\/29\/rinaldo-mereu-confermato-segretario-generale-della-uil-pensionati-sardegna\/","title":{"rendered":"Rinaldo Mereu confermato segretario Generale della UIL Pensionati Sardegna"},"content":{"rendered":"<p>Rinaldo Mereu, 65 anni, all\u2019unanimit\u00e0 dei delegati, \u00e8 stato riconfermato, per il secondo mandato, Segretario Generale della Uil Pensionati Sardegna alla fine del X Congresso svoltosi all\u2019Hotel Setar di Quartu.<\/p>\n<p>La seconda giornata dei lavori \u00e8 cominciata con l\u2019intervento dei numerosi delegati e rappresentanti che hanno sottolineato aspetti particolari, integrativi e spesso rafforzativi della relazione introduttiva di Rinaldo Mereu.<\/p>\n<p>I lavori, prima dell\u2019espletamento delle procedure di rito, della elezione dei delegati al Congresso nazionale e della segreteria regionale, \u00e8 intervenuto Romano Bellissima, Segretario Generale Uil Pensionati nazionale.<br \/>Ripercorrendo la grave e lunga crisi economica, Bellissima si \u00e8 detto preoccupato soprattutto per il futuro e per la grave disoccupazione.<\/p>\n<p>\u201cIl lavoro \u00e8 sempre servito a pagare le pensioni \u2013 ha detto \u2013 per cui, oggi, diminuendo drasticamente le occasioni di lavoro, sono a rischio le pensioni del domani oramai vicino. Per questo chiediamo alle istituzioni un impegno urgente per arginare questa crisi, coinvolgendo il sindacato in tutte le forme e in tutte le categorie, compresa quella dei pensionati che rivendicano, a tutti i livelli, un ruolo contrattuale importante e necessario\u201d.<\/p>\n<p>La giornata di ieri, invece, si era chiusa con l\u2019intervento di Francesca Ticca, Segretario Generale della UIL Sardegna che ha rimarcato la volont\u00e0 della UIL di una maggiore presenza nel territorio attraverso un sistema di rete capace di raggiungere il maggbior numero di persone.<\/p>\n<p>\u201c\u00c8 diventato un luogo comune affermare che la gente non ci segue perch\u00e9 non ci capisce. \u00c8 il momento di riallacciare questi contatti con la base e farli crescere sempre di pi\u00f9\u201d.<\/p>\n","protected":false},"excerpt":{"rendered":"<p>Rinaldo Mereu, 65 anni, all\u2019unanimit\u00e0 dei delegati, \u00e8 stato riconfermato, per il secondo mandato, Segretario Generale della Uil Pensionati Sardegna alla fine del X Congresso&#8230;<\/p>\n","protected":false},"author":2,"featured_media":0,"comment_status":"closed","ping_status":"closed","sticky":false,"template":"","format":"standard","meta":[],"categories":[49],"tags":[],"_links":{"self":[{"href":"https:\/\/www.cronacaonline.it\/index.php\/wp-json\/wp\/v2\/posts\/110589"}],"collection":[{"href":"https:\/\/www.cronacaonline.it\/index.php\/wp-json\/wp\/v2\/posts"}],"about":[{"href":"https:\/\/www.cronacaonline.it\/index.php\/wp-json\/wp\/v2\/types\/post"}],"author":[{"embeddable":true,"href":"https:\/\/www.cronacaonline.it\/index.php\/wp-json\/wp\/v2\/users\/2"}],"replies":[{"embeddable":true,"href":"https:\/\/www.cronacaonline.it\/index.php\/wp-json\/wp\/v2\/comments?post=110589"}],"version-history":[{"count":0,"href":"https:\/\/www.cronacaonline.it\/index.php\/wp-json\/wp\/v2\/posts\/110589\/revisions"}],"wp:attachment":[{"href":"https:\/\/www.cronacaonline.it\/index.php\/wp-json\/wp\/v2\/media?parent=110589"}],"wp:term":[{"taxonomy":"category","embeddable":true,"href":"https:\/\/www.cronacaonline.it\/index.php\/wp-json\/wp\/v2\/categories?post=110589"},{"taxonomy":"post_tag","embeddable":true,"href":"https:\/\/www.cronacaonline.it\/index.php\/wp-json\/wp\/v2\/tags?post=110589"}],"curies":[{"name":"wp","href":"https:\/\/api.w.org\/{rel}","templated":true}]}}