{"id":110580,"date":"2014-05-29T17:20:47","date_gmt":"2014-05-29T16:20:47","guid":{"rendered":"http:\/\/www.cronacaonline.it\/public\/content\/index.php\/29\/05\/2014\/asl-nuoro-giornata-mondiale-senza-tabacco"},"modified":"2014-05-29T17:20:47","modified_gmt":"2014-05-29T16:20:47","slug":"asl-nuoro-giornata-mondiale-senza-tabacco-2","status":"publish","type":"post","link":"https:\/\/www.cronacaonline.it\/index.php\/2014\/05\/29\/asl-nuoro-giornata-mondiale-senza-tabacco-2\/","title":{"rendered":"Asl Nuoro: giornata mondiale senza tabacco"},"content":{"rendered":"<p>Il Ser.D (Servizio per le Dipendenze) dell'Azienda Sanitaria di Nuoro, come ogni anno, aderisce alla Giornata mondiale senza fumo, in programma per l\u2019ultimo giorno del mese di maggio, anticipandola alla giornata di venerd\u00ec 30 maggio prossimo.<\/p>\n<p>L'intera giornata sar\u00e0 dedicata alla sensibilizzazione contro i rischi del tabagismo: mattina - dalle 8.30 alle 12.30 , presso il Padiglione \u201cC\u201d del Presidio Ospedaliero Cesare Zonchello, pomeriggio - dalle 13.00 alle 20.00 - presso il Centro Commerciale Centrocitt\u00e0 di via Biscollai.<br \/>\u00abDurante le manifestazioni - spiega la Dott.ssa Rosalba Cical\u00f2, Direttore del Ser.D dell'ASL di Nuoro - sar\u00e0 allestita una postazione per dare ai fumatori la possibilit\u00e0 di sottoporsi a misurazione del monossido di carbonio e a test di misurazione del livello di dipendenza dalla nicotina.<br \/>Saranno, inoltre, distribuiti opuscoli informativi sui danni del fumo e sulle modalit\u00e0 di accesso alle prestazioni erogate dal servizio\u00bb.<\/p>\n<p>\u00abObiettivi della giornata \u2013 aggiunge la Dott.ssa Cical\u00f2 \u2013 sono la pubblicizzazione delle attivit\u00e0 di contrasto alla dipendenza da nicotina, che da anni porta avanti il Ser.D Dell'ASL di Nuoro, e dare l\u2019opportunit\u00e0 ai fumatori di essere inseriti nei programmi di disintossicazione, sia individuali, sia di gruppo\u00bb. Com<\/p>\n","protected":false},"excerpt":{"rendered":"<p>Il Ser.D (Servizio per le Dipendenze) dell&#8217;Azienda Sanitaria di Nuoro, come ogni anno, aderisce alla Giornata mondiale senza fumo, in programma per l\u2019ultimo giorno del&#8230;<\/p>\n","protected":false},"author":2,"featured_media":0,"comment_status":"closed","ping_status":"closed","sticky":false,"template":"","format":"standard","meta":[],"categories":[49],"tags":[],"_links":{"self":[{"href":"https:\/\/www.cronacaonline.it\/index.php\/wp-json\/wp\/v2\/posts\/110580"}],"collection":[{"href":"https:\/\/www.cronacaonline.it\/index.php\/wp-json\/wp\/v2\/posts"}],"about":[{"href":"https:\/\/www.cronacaonline.it\/index.php\/wp-json\/wp\/v2\/types\/post"}],"author":[{"embeddable":true,"href":"https:\/\/www.cronacaonline.it\/index.php\/wp-json\/wp\/v2\/users\/2"}],"replies":[{"embeddable":true,"href":"https:\/\/www.cronacaonline.it\/index.php\/wp-json\/wp\/v2\/comments?post=110580"}],"version-history":[{"count":0,"href":"https:\/\/www.cronacaonline.it\/index.php\/wp-json\/wp\/v2\/posts\/110580\/revisions"}],"wp:attachment":[{"href":"https:\/\/www.cronacaonline.it\/index.php\/wp-json\/wp\/v2\/media?parent=110580"}],"wp:term":[{"taxonomy":"category","embeddable":true,"href":"https:\/\/www.cronacaonline.it\/index.php\/wp-json\/wp\/v2\/categories?post=110580"},{"taxonomy":"post_tag","embeddable":true,"href":"https:\/\/www.cronacaonline.it\/index.php\/wp-json\/wp\/v2\/tags?post=110580"}],"curies":[{"name":"wp","href":"https:\/\/api.w.org\/{rel}","templated":true}]}}