{"id":110523,"date":"2014-05-26T17:20:47","date_gmt":"2014-05-26T16:20:47","guid":{"rendered":"http:\/\/www.cronacaonline.it\/public\/content\/index.php\/26\/05\/2014\/domani-presentazione-dati-osservatorio-50-citta-il-programma-di-euromobility"},"modified":"2014-05-26T17:20:47","modified_gmt":"2014-05-26T16:20:47","slug":"domani-presentazione-dati-osservatorio-50-citta-il-programma-di-euromobility","status":"publish","type":"post","link":"https:\/\/www.cronacaonline.it\/index.php\/2014\/05\/26\/domani-presentazione-dati-osservatorio-50-citta-il-programma-di-euromobility\/","title":{"rendered":"Domani presentazione dati \u201cOsservatorio 50 citt\u00e0\u201d, il programma di Euromobility"},"content":{"rendered":"<p>\u00c8 in programma domani marted\u00ec 27 maggio 2014 la presentazione dei dati di \u201cOsservatorio 50 citt\u00e0\u201d, il programma di Euromobility che analizza la situazione della mobilit\u00e0 sostenibile nei Comuni capoluogo di Regione e nelle citt\u00e0 con oltre 100mila abitanti.<\/p>\n<p>L'appuntamento \u00e8 per le 10.15 allo Spazio Search, nel sottopiano del Palazzo Civico nel largo Carlo Felice 2<\/p>\n<p>Dopo i saluti del sindaco Massimo Zedda, a presentare il rapporto Euromobility sar\u00e0 il direttore scientifico dell'associazione Lorenzo Bertuccio. Guido Portoghese, presidente della commissione Trasporti del Comune di Cagliari, far\u00e0 il punto sulle politiche per la mobilit\u00e0 in citt\u00e0.<br \/>Uccio Tilocca (Ctm) affronter\u00e0 alcuni casi specifici cagliaritani, legati in particolare alla sosta, al commercio e alla pedonalit\u00e0 mentre Sergio Podda (Ecoteam Srl) parler\u00e0 di Cagliari Mobility Manager.<\/p>\n<p>Alle 12.00 la tavola rotonda moderata dall'assessore ai Trasporti Mauro Coni: sono stati invitati Carlo Poledrini (Arst), Ezio Castagna (Ctm), Italo Meloni (Universit\u00e0 di Cagliari), Stefano Gregorini (Urban Center Cagliari), Fabio Mereu (Play Car) e Giovanni Pistidda (Bicincitt\u00e0).<\/p>\n<style type=\"text\/css\" abp=\"222\">body {\tbackground: #FFF;}<\/style><\/p>\n","protected":false},"excerpt":{"rendered":"<p>\u00c8 in programma domani marted\u00ec 27 maggio 2014 la presentazione dei dati di \u201cOsservatorio 50 citt\u00e0\u201d, il programma di Euromobility che analizza la situazione della&#8230;<\/p>\n","protected":false},"author":2,"featured_media":0,"comment_status":"closed","ping_status":"closed","sticky":false,"template":"","format":"standard","meta":[],"categories":[49],"tags":[],"_links":{"self":[{"href":"https:\/\/www.cronacaonline.it\/index.php\/wp-json\/wp\/v2\/posts\/110523"}],"collection":[{"href":"https:\/\/www.cronacaonline.it\/index.php\/wp-json\/wp\/v2\/posts"}],"about":[{"href":"https:\/\/www.cronacaonline.it\/index.php\/wp-json\/wp\/v2\/types\/post"}],"author":[{"embeddable":true,"href":"https:\/\/www.cronacaonline.it\/index.php\/wp-json\/wp\/v2\/users\/2"}],"replies":[{"embeddable":true,"href":"https:\/\/www.cronacaonline.it\/index.php\/wp-json\/wp\/v2\/comments?post=110523"}],"version-history":[{"count":0,"href":"https:\/\/www.cronacaonline.it\/index.php\/wp-json\/wp\/v2\/posts\/110523\/revisions"}],"wp:attachment":[{"href":"https:\/\/www.cronacaonline.it\/index.php\/wp-json\/wp\/v2\/media?parent=110523"}],"wp:term":[{"taxonomy":"category","embeddable":true,"href":"https:\/\/www.cronacaonline.it\/index.php\/wp-json\/wp\/v2\/categories?post=110523"},{"taxonomy":"post_tag","embeddable":true,"href":"https:\/\/www.cronacaonline.it\/index.php\/wp-json\/wp\/v2\/tags?post=110523"}],"curies":[{"name":"wp","href":"https:\/\/api.w.org\/{rel}","templated":true}]}}