{"id":110467,"date":"2014-04-18T17:20:47","date_gmt":"2014-04-18T16:20:47","guid":{"rendered":"http:\/\/www.cronacaonline.it\/public\/content\/index.php\/18\/04\/2014\/da-domani-nuovi-collegamenti-con-laeroporto-del-nord-sardegna-decolla-il-volo-olbia-dusseldorf-di-germanwings"},"modified":"2014-04-18T17:20:47","modified_gmt":"2014-04-18T16:20:47","slug":"da-domani-nuovi-collegamenti-con-laeroporto-del-nord-sardegna-decolla-il-volo-olbia-dusseldorf-di-germanwings","status":"publish","type":"post","link":"https:\/\/www.cronacaonline.it\/index.php\/2014\/04\/18\/da-domani-nuovi-collegamenti-con-laeroporto-del-nord-sardegna-decolla-il-volo-olbia-dusseldorf-di-germanwings\/","title":{"rendered":"Da domani nuovi collegamenti con l\u2019aeroporto del Nord Sardegna: Decolla il volo Olbia-D\u00fcsseldorf di Germanwings"},"content":{"rendered":"<p>Germanwings, compagnia low fare del Gruppo Lufthansa, lancia la sua quarta rotta diretta dall\u2019Aeroporto di Olbia Costa Smeralda. A partire da sabato 19 aprile la Compagnia collegher\u00e0 Olbia con la citt\u00e0 tedesca di D\u00fcsseldorf. Il nuovo volo dell\u2019operativo estivo sar\u00e0 servito con due frequenze settimanali il sabato e la domenica, a cui se ne aggiungeranno altre due in concomitanza con il picco dell\u2019alta stagione: ogni luned\u00ec dal 7 luglio al 18 agosto e ogni mercoled\u00ec dal 9 luglio al 13 agosto Germanwings collegher\u00e0 lo scalo sardo con la metropoli sul Reno.<\/p>\n<p>La rotta con la moderna e cosmopolita capitale della Renania Settentrionale-Vestfalia, cuore economico e finanziario della regione della Ruhr, accresce il network di Germanwings a Olbia. All\u2019Aeroporto Costa Smeralda la Compagnia tedesca conta gi\u00e0 i voli stagionali per Amburgo con due frequenze a settimana il venerd\u00ec e la domenica, a cui se ne aggiunger\u00e0 una terza dal 16 luglio al 20 agosto, per Colonia\/Bonn con due voli a settimana il gioved\u00ec e il sabato e per Stoccarda con una frequenza il sabato e un volo supplementare il gioved\u00ec dal 31 luglio all\u201911 settembre.<\/p>\n<p>La nuova rotta andr\u00e0 ad aumentare il flusso turistico verso Olbia e il vasto patrimonio artistico-culturale di citt\u00e0 e regione, che si apprestano alla nuova stagione estiva. Allo stesso modo il collegamento rafforza il ponte con la Germania e permette di raggiungere in modo economico e sicuro le citt\u00e0 di D\u00fcsseldorf, Amburgo, Colonia\/Bonn e Stoccarda, che non mancano di offrire attrattive turistiche ben recepite dai viaggiatori italiani e rappresentano importanti destinazioni business, senza dimenticare le visite a parenti e amici.<\/p>\n<p>Con la Summer 2014 Germanwings rafforza in maniera decisiva la propria presenza in Italia. Oltre al transfer dei collegamenti point-to-point di Lufthansa, in Italia la compagnia aerea tedesca pu\u00f2 contare sull\u2019apertura di nuove rotte per la Germania e un potenziamento di altre gi\u00e0 esistenti per un incremento dei posti offerti pari a +83 punti percentuali rispetto alla Summer 2013 e un totale di 16 aeroporti italiani e 196 voli settimanali, quasi il doppio rispetto all\u2019operativo invernale.<\/p>\n<p>Germanwings permette di godere di un viaggio \u201c\u00e0 la carte\u201d sia per la clientela leisure che business. I passeggeri possono scegliere tra diverse fasce tariffarie per adattare il viaggio alle proprie esigenze, passando da un viaggio a basso costo a un\u2019esperienza di volo di alta qualit\u00e0 in termini di servizi e di extra. Com<\/p>\n<style type=\"text\/css\" abp=\"241\">body {\tbackground: #FFF;}<\/style><\/p>\n","protected":false},"excerpt":{"rendered":"<p>Germanwings, compagnia low fare del Gruppo Lufthansa, lancia la sua quarta rotta diretta dall\u2019Aeroporto di Olbia Costa Smeralda. A partire da sabato 19 aprile la&#8230;<\/p>\n","protected":false},"author":2,"featured_media":0,"comment_status":"closed","ping_status":"closed","sticky":false,"template":"","format":"standard","meta":[],"categories":[49],"tags":[],"_links":{"self":[{"href":"https:\/\/www.cronacaonline.it\/index.php\/wp-json\/wp\/v2\/posts\/110467"}],"collection":[{"href":"https:\/\/www.cronacaonline.it\/index.php\/wp-json\/wp\/v2\/posts"}],"about":[{"href":"https:\/\/www.cronacaonline.it\/index.php\/wp-json\/wp\/v2\/types\/post"}],"author":[{"embeddable":true,"href":"https:\/\/www.cronacaonline.it\/index.php\/wp-json\/wp\/v2\/users\/2"}],"replies":[{"embeddable":true,"href":"https:\/\/www.cronacaonline.it\/index.php\/wp-json\/wp\/v2\/comments?post=110467"}],"version-history":[{"count":0,"href":"https:\/\/www.cronacaonline.it\/index.php\/wp-json\/wp\/v2\/posts\/110467\/revisions"}],"wp:attachment":[{"href":"https:\/\/www.cronacaonline.it\/index.php\/wp-json\/wp\/v2\/media?parent=110467"}],"wp:term":[{"taxonomy":"category","embeddable":true,"href":"https:\/\/www.cronacaonline.it\/index.php\/wp-json\/wp\/v2\/categories?post=110467"},{"taxonomy":"post_tag","embeddable":true,"href":"https:\/\/www.cronacaonline.it\/index.php\/wp-json\/wp\/v2\/tags?post=110467"}],"curies":[{"name":"wp","href":"https:\/\/api.w.org\/{rel}","templated":true}]}}