{"id":110433,"date":"2014-04-17T17:20:47","date_gmt":"2014-04-17T16:20:47","guid":{"rendered":"http:\/\/www.cronacaonline.it\/public\/content\/index.php\/17\/04\/2014\/la-quattordicesima-edizione-del-festival-di-santefisio-al-teatro-lirico-di-cagliari-dal-24-aprile-all11-maggio-2014"},"modified":"2014-04-17T17:20:47","modified_gmt":"2014-04-17T16:20:47","slug":"la-quattordicesima-edizione-del-festival-di-santefisio-al-teatro-lirico-di-cagliari-dal-24-aprile-all11-maggio-2014","status":"publish","type":"post","link":"https:\/\/www.cronacaonline.it\/index.php\/2014\/04\/17\/la-quattordicesima-edizione-del-festival-di-santefisio-al-teatro-lirico-di-cagliari-dal-24-aprile-all11-maggio-2014\/","title":{"rendered":"La quattordicesima edizione del Festival di Sant\u2019Efisio, al Teatro Lirico di Cagliari dal 24 aprile all\u201911 maggio 2014"},"content":{"rendered":"<p>Musica classica, lirica e musiche della tradizione sarda, contaminazioni artistiche, laboratori creativi e visite guidate: \u00e8 il programma del Festival di Sant\u2019Efisio, rassegna musicale ideata ed organizzata dalla Fondazione Teatro Lirico di Cagliari, di cui si tiene, quest\u2019anno, la quattordicesima edizione. Il Festival nasce nel 2001 intorno alla Festa di Sant\u2019Efisio, la processione votiva pi\u00f9 importante e suggestiva della Sardegna che si svolge a Cagliari ogni 1\u00b0 maggio e che rappresenta un momento nel quale fede e folclore si fondono in una straordinaria processione in costume tradizionale, giunta alla sua 358^ edizione.<\/p>\n<p>Il XIV Festival di Sant\u2019Efisio assume, quest\u2019anno, una valenza tanto particolare quanto densa di significato: gli interpreti, direttori e solisti, che si susseguono sul palcoscenico cagliaritano sono, oltre ad alcuni nomi gi\u00e0 affermati nel panorama musicale internazionale, giovani, in alcuni casi giovanissimi, artisti che debuttano al Teatro Lirico di Cagliari, oppure si presentano, per la prima volta, in una veste nuova.<\/p>\n<p>Gioved\u00ec 24 aprile alle 20.30 si alza il sipario sul XIV Festival di Sant\u2019Efisio e sulla Stagione lirica e di balletto 2014 del Teatro Lirico di Cagliari. L\u2019inaugurazione \u00e8 affidata al famoso capolavoro musicale di Vincenzo Bellini (Catania, 1801 - Puteaux, 1835): Norma, tragedia lirica in due atti, intrisa sia di richiami alla tradizione classica, in particolare quella della tragedia greca, sia di romantiche atmosfere lunari e di abbandoni estatici che trovano in Casta Diva, celeberrima preghiera della protagonista, la loro compiutezza. L\u2019opera va in scena per sette rappresentazioni, dal 24 aprile al 4 maggio, in un nuovo allestimento del Teatro Lirico di Cagliari che conta della regia di Stephen Medcalf, artista inglese che si misura per la prima volta con Norma, ma gi\u00e0 noto al pubblico cagliaritano per aver curato, negli anni passati, le apprezzate messinscene di: Romeo e Giulietta del villaggio (2002), Il flauto magico (2003), Aida (2003, 2009), Carmen (2005, \u201cPremio Abbiati\u201d 2006 per la miglior regia), Il ratto dal serraglio (2007). La direzione musicale di Norma, assente dal 1988 da Cagliari (l\u2019ultima edizione, all\u2019Auditorium del Conservatorio, vide Katia Ricciarelli splendida protagonista), \u00e8 affidata a Julian Kovatchev, interprete trascinante, nato a Sofia (Bulgaria) e proveniente dall\u2019\u00e9lite dei Berliner Philharmoniker, che ritorna a Cagliari dopo aver diretto numerosi concerti (l\u2019ultimo lo scorso febbraio) ed opere liriche nelle stagioni passate.<\/p>\n<p>Rappresentata, per la prima volta, al Teatro alla Scala di Milano il 26 dicembre 1831, su libretto di Felice Romani, poeta colto e raffinato, Norma viene accolta in maniera decisamente ostile (\u00abFiasco!!! Fiasco!!! Solenne fiasco!!!\u00bb sono le parole del deluso Bellini!), anche se gi\u00e0 dalla seconda rappresentazione le arride un successo che l\u2019accompagna fino ai giorni nostri. La storia dell\u2019infelice amore tra la sacerdotessa druidica ed il proconsole romano nelle Gallie \u00e8 interpretata a Cagliari da Iano Tamar e Daniela Schillaci che si alternano nel ruolo di Norma e da Roberto Aronica e Francesco Anile che si alternano, invece, in quello di Pollione.<\/p>\n<p>Il 2-3 maggio Filippo Maria Bressan, specialista dei repertori barocco e classico, gi\u00e0 pi\u00f9 volte apprezzato dal pubblico cagliaritano, dirige l\u2019Orchestra del Teatro Lirico in un concerto dedicato al Classicismo: viene proposto, infatti, il Concerto n. 20 per pianoforte e orchestra di Mozart, brano di perfezione formale assoluta, ma di ombreggiature espressive che, da uno stile tardo barocco, sembrano confluire in un mondo gi\u00e0 romanticamente st\u00fcrmisch. Solista \u00e8 Roberto Cominati, vincitore, nel 1999, del prestigioso \u201cPremio Busoni\u201d. Nella stessa serata si potranno ascoltare due sinfonie collegate, oltre che dall\u2019appartenenza allo stesso ambito stilistico, anche dalla presenza di un riferimento geografico legato alle circostanze di composizione: la \u201cLinz\u201d di Mozart e la \u201cLondon\u201d di Haydn.<\/p>\n<p>La celeberrima tragedia greca di Euripide, Elena, va in scena, al Teatro Massimo di Cagliari, per il Festival di Filosofia 2014, dal 2 al 4 maggio, in una nuova produzione del Teatro Stabile della Sardegna, con la regia e drammaturgia di Guido De Monticelli. Lo spettacolo \u00e8 in gemellaggio con il Teatro Lirico di Cagliari, per il cartellone integrato del XIV Festival di Sant\u2019Efisio.<\/p>\n<p>Imperdibile serata straordinaria ad ingresso libero, il 7 maggio alle 20.30, con Boghes, concerto speciale dedicato a canti e voci della Sardegna, nell\u2019interpretazione di corali e gruppi vocali provenienti da tutta l\u2019Isola.<br \/>Il 9-10 maggio, Giuseppe Albanese eseguir\u00e0, con l\u2019Orchestra del Teatro Lirico, l\u2019acrobatico Terzo Concerto per pianoforte e orchestra di Prokof\u2019ev; il programma prevede anche un omaggio a Richard Strauss, di cui ricorre quest\u2019anno il centocinquantesimo anniversario della nascita, proponendo il poema sinfonico Vita d\u2019eroe, in cui l\u2019impervio solo violinistico si avvale della perizia di Gianmaria Melis. Sicura guida sul podio \u00e8 Marko Letonja, che ritorna a Cagliari dopo il lusinghiero esito del concerto da lui diretto nella stagione scorsa.<\/p>\n<p>Domenica 11 maggio il Teatro Lirico di Cagliari partecipa, per l\u2019ottavo anno consecutivo, alla manifestazione \u201cCagliari Monumenti Aperti\u201d, giunta alla XVIII edizione, con una serie di visite guidate al Teatro ed all\u2019intero coplesso del Parco della Musica, realizzate in collaborazione con il Conservatorio Statale di Musica \u201cGiovanni Pierluigi da Palestrina\u201d. Ma la vera novit\u00e0 \u00e8 rappresentata da un\u2019iniziativa riservata esclusivamente ai ragazzi: un laboratorio teatrale per scenografi, costumisti e truccatori \u201cin erba\u201d, a cura del costumista cagliaritano Marco Nateri, intitolato Regine, Draghi, Principesse ed ispirato ai prossimi allestimenti di Il flauto magico e Turandot, in programma nella Stagione lirica e di balletto 2014.<\/p>\n<p>Ping, Pong, Pang, la Principessa Turandot e il Principe Calaf, Papageno, Papagena e la Regina della notte sono pronti ad uscire dalla abili mani di giovanissimi scenografi, costumisti e truccatori che, muniti di carta, stoffe e cartoncini colorati, daranno vita all\u2019affascinante magia del teatro musicale sulle note di grandi compositori come Mozart e Puccini. Ecco la formula dei laboratori, proposti per la prima volta al Teatro Lirico di Cagliari e coordinati dal costumista cagliaritano Marco Nateri, della durata di 2 ore ciascuno, riservati ai bambini dai 5 ai 10 anni, e realizzati, solo su prenotazione (massimo 15 bambini), con inizio nei seguenti orari: 10, 12, 15.30, 17.30 (per prenotazioni rivolgersi a: <a href=\"mailto:produzione@teatroliricodicagliari.it\">produzione@teatroliricodicagliari.it<\/a>). Contemporaneamente, nel nuovissimo Medialab, si avr\u00e0 la possibilit\u00e0 di sperimentare le ultime applicazioni che il Teatro Lirico di Cagliari, in collaborazione con TSC Consulting, ha sviluppato per introdurre i bambini nell\u2019affascinante mondo della composizione musicale.<\/p>\n<p>Durante tutto l\u2019arco di questa domenica, riservata soprattutto alle famiglie, nei giardini e negli spazi all\u2019aperto del Parco della Musica, si esibiranno, a partire dalle 10 del mattino, numerosi complessi bandistici regionali che, con il loro repertorio tradizionale, daranno alla giornata di festa una spensierata colonna sonora.<\/p>\n<p>Artisti diversi per estrazione e per orizzonti sono i protagonisti del Festival. Ma ciascuna partecipazione riflette una scelta di fondo: rendere omaggio ad una festa votiva cos\u00ec importante con interpreti ed autori di assoluto valore artistico.<\/p>\n<p>Il XIV Festival di Sant\u2019Efisio si avvale del contributo della Regione Autonoma della Sardegna e della Fondazione Banco di Sardegna.<br \/>La Biglietteria del Teatro Lirico di Cagliari<\/p>\n<p>Come ormai consuetudine i posti in teatro sono identificati per ordine (platea, prima e seconda loggia) e per settore (giallo, rosso e blu). Ad ogni settore corrisponde un prezzo, secondo il diverso valore dei posti.<br \/>Il XIV Festival di Sant\u2019Efisio prevede la possibilit\u00e0 di acquistare da venerd\u00ec 18 aprile 2014 i biglietti per tutti gli spettacoli della manifestazione musicale.<\/p>\n<p>La Biglietteria del Teatro Lirico, esclusivamente in occasione della campagna abbonamenti della Stagione lirica e di balletto 2014, \u00e8 aperta dal luned\u00ec al sabato dalle 9 alle 13 e dalle 16 alle 20 e la domenica dalle 11 alle 13.<\/p>\n<p>Per informazioni: Biglietteria del Teatro Lirico, via Sant\u2019Alenixedda, 09128 Cagliari, telefono +39 0704082230 - +39 0704082249, fax +39 0704082223, <a href=\"mailto:biglietteria@teatroliricodicagliari.it\">biglietteria@teatroliricodicagliari.it<\/a>, <a href=\"http:\/\/www.teatroliricodicagliari.it\">www.teatroliricodicagliari.it<\/a>. Il Teatro Lirico di Cagliari si pu\u00f2 seguire anche su Facebook, Twitter, YouTube.<\/p>\n<p>Incontri di presentazione di opere e balletto, foyer di platea: luned\u00ec 14 aprile 2014, ore 17, Myriam Quaquero e Stephen Medcalf presentano Norma di Vincenzo Bellini; luned\u00ec 19 maggio 2014, ore 17, Michele Girardi presenta Il flauto magico di Wolfgang Amadeus Mozart; luned\u00ec 16 giugno 2014, ore 19, Philippe Daverio presenta Turandot di Giacomo Puccini.<\/p>\n<p>L\u2019incontro si terr\u00e0 in platea luned\u00ec 22 settembre 2014, ore 19, Vincenzo Raffaele Segreto presenta Tosca di Giacomo Puccini; luned\u00ec 27 ottobre 2014, ore 17, Giovanni Bietti presenta La Traviata di Giuseppe Verdi; luned\u00ec 10 novembre 2014, ore 17, Sergio Trombetta presenta Lo schiaccianoci di Petr Il\u2019i&#269; &#268;ajkovskij; marted\u00ec 9 dicembre 2014, ore 17, Stefano Valanzuolo presenta Gli stivaletti di Petr Il\u2019i&#269; &#268;ajkovskij. Com<\/p>\n<style type=\"text\/css\" abp=\"241\">body {\tbackground: #FFF;}<\/style><\/p>\n","protected":false},"excerpt":{"rendered":"<p>Musica classica, lirica e musiche della tradizione sarda, contaminazioni artistiche, laboratori creativi e visite guidate: \u00e8 il programma del Festival di Sant\u2019Efisio, rassegna musicale ideata&#8230;<\/p>\n","protected":false},"author":2,"featured_media":0,"comment_status":"closed","ping_status":"closed","sticky":false,"template":"","format":"standard","meta":[],"categories":[49],"tags":[],"_links":{"self":[{"href":"https:\/\/www.cronacaonline.it\/index.php\/wp-json\/wp\/v2\/posts\/110433"}],"collection":[{"href":"https:\/\/www.cronacaonline.it\/index.php\/wp-json\/wp\/v2\/posts"}],"about":[{"href":"https:\/\/www.cronacaonline.it\/index.php\/wp-json\/wp\/v2\/types\/post"}],"author":[{"embeddable":true,"href":"https:\/\/www.cronacaonline.it\/index.php\/wp-json\/wp\/v2\/users\/2"}],"replies":[{"embeddable":true,"href":"https:\/\/www.cronacaonline.it\/index.php\/wp-json\/wp\/v2\/comments?post=110433"}],"version-history":[{"count":0,"href":"https:\/\/www.cronacaonline.it\/index.php\/wp-json\/wp\/v2\/posts\/110433\/revisions"}],"wp:attachment":[{"href":"https:\/\/www.cronacaonline.it\/index.php\/wp-json\/wp\/v2\/media?parent=110433"}],"wp:term":[{"taxonomy":"category","embeddable":true,"href":"https:\/\/www.cronacaonline.it\/index.php\/wp-json\/wp\/v2\/categories?post=110433"},{"taxonomy":"post_tag","embeddable":true,"href":"https:\/\/www.cronacaonline.it\/index.php\/wp-json\/wp\/v2\/tags?post=110433"}],"curies":[{"name":"wp","href":"https:\/\/api.w.org\/{rel}","templated":true}]}}