{"id":109997,"date":"2014-03-08T17:20:47","date_gmt":"2014-03-08T16:20:47","guid":{"rendered":"http:\/\/www.cronacaonline.it\/public\/content\/index.php\/08\/03\/2014\/pregiudicato-di-cagliari-arrestato-dai-carabinieri-di-pirri-per-violenza-sessuale-e-atti-persecutori"},"modified":"2014-03-08T17:20:47","modified_gmt":"2014-03-08T16:20:47","slug":"pregiudicato-di-cagliari-arrestato-dai-carabinieri-di-pirri-per-violenza-sessuale-e-atti-persecutori","status":"publish","type":"post","link":"https:\/\/www.cronacaonline.it\/index.php\/2014\/03\/08\/pregiudicato-di-cagliari-arrestato-dai-carabinieri-di-pirri-per-violenza-sessuale-e-atti-persecutori\/","title":{"rendered":"Pregiudicato di Cagliari arrestato dai carabinieri di Pirri per violenza sessuale e atti persecutori."},"content":{"rendered":"<p>I carabinieri della Stazione di Ca-Pirri, hanno arrestato per violenza sessuale e atti persecutori, Vincenzo Scanu, di 32 anni di Cagliari, disoccupato<\/p>\n<p>Il pregiudicato, nel corso della serata precedente, in via Mandrolisai, ha avvicinato una badante di 25 anni, cercando di costringerla ad avere un rapporto sessuale e nel tentativo di violenza gli ha causato lesioni giudicate guaribili in cinque giorni, come riscontrato da referto rilasciato dalla guardia medica di Cagliari. Dai conseguenti accertamenti \u00e8 emerso&nbsp; che lo Scanu, nei giorni precedenti, aveva gi\u00e0 abusato sessualmente della donna, tant'\u00e8 che i carabinieri lo avevano gi\u00e0 deferito alla Procura di Cagliari, per gli stessi reati.<\/p>\n<p>L'arrestato si trova ora al carcere di Buoncammino.<\/p>\n<style type=\"text\/css\" abp=\"242\">body {\tbackground: #FFF;}<\/style><\/p>\n","protected":false},"excerpt":{"rendered":"<p>I carabinieri della Stazione di Ca-Pirri, hanno arrestato per violenza sessuale e atti persecutori, Vincenzo Scanu, di 32 anni di Cagliari, disoccupato Il pregiudicato, nel&#8230;<\/p>\n","protected":false},"author":2,"featured_media":0,"comment_status":"closed","ping_status":"closed","sticky":false,"template":"","format":"standard","meta":[],"categories":[49],"tags":[],"_links":{"self":[{"href":"https:\/\/www.cronacaonline.it\/index.php\/wp-json\/wp\/v2\/posts\/109997"}],"collection":[{"href":"https:\/\/www.cronacaonline.it\/index.php\/wp-json\/wp\/v2\/posts"}],"about":[{"href":"https:\/\/www.cronacaonline.it\/index.php\/wp-json\/wp\/v2\/types\/post"}],"author":[{"embeddable":true,"href":"https:\/\/www.cronacaonline.it\/index.php\/wp-json\/wp\/v2\/users\/2"}],"replies":[{"embeddable":true,"href":"https:\/\/www.cronacaonline.it\/index.php\/wp-json\/wp\/v2\/comments?post=109997"}],"version-history":[{"count":0,"href":"https:\/\/www.cronacaonline.it\/index.php\/wp-json\/wp\/v2\/posts\/109997\/revisions"}],"wp:attachment":[{"href":"https:\/\/www.cronacaonline.it\/index.php\/wp-json\/wp\/v2\/media?parent=109997"}],"wp:term":[{"taxonomy":"category","embeddable":true,"href":"https:\/\/www.cronacaonline.it\/index.php\/wp-json\/wp\/v2\/categories?post=109997"},{"taxonomy":"post_tag","embeddable":true,"href":"https:\/\/www.cronacaonline.it\/index.php\/wp-json\/wp\/v2\/tags?post=109997"}],"curies":[{"name":"wp","href":"https:\/\/api.w.org\/{rel}","templated":true}]}}