{"id":109975,"date":"2014-03-16T17:20:47","date_gmt":"2014-03-16T16:20:47","guid":{"rendered":"http:\/\/www.cronacaonline.it\/public\/content\/index.php\/16\/03\/2014\/renzi-e-hollande-insieme-per-una-nuova-europa-e-rimensionare-la-germania-priorita-a-crescita-e-occupazione"},"modified":"2014-03-16T17:20:47","modified_gmt":"2014-03-16T16:20:47","slug":"renzi-e-hollande-insieme-per-una-nuova-europa-e-rimensionare-la-germania-priorita-a-crescita-e-occupazione","status":"publish","type":"post","link":"https:\/\/www.cronacaonline.it\/index.php\/2014\/03\/16\/renzi-e-hollande-insieme-per-una-nuova-europa-e-rimensionare-la-germania-priorita-a-crescita-e-occupazione\/","title":{"rendered":"Renzi e Hollande: insieme per una nuova Europa e rimensionare la Germania, priorit\u00e0 a crescita e occupazione"},"content":{"rendered":"<p>E' cominciato da Parigi il tour europeo del premier Matteo Renzi che ha incontrato questa mattina il presidente francese Francois Hollande. Un incontro caratterizzato dalla grande sintonia tra i due leader. &#8203;\"Francia e Italia hanno rapporti che vanno al di l\u00e0 dell'economia e della politica\", ha detto il presidente Hollande, sottolineando di aver apprezzato che la \"per la prima visita da presidente del Consiglio di Renzi\" in Europa \"\u00e8 stata scelta la Francia\".<\/p>\n<p>\"Dobbiamo fare delle riforme \u2013 ha spiegato il leader francese -, il presidente Renzi ne ha annunciate per l'Italia e dobbiamo farne anche noi. Queste riforme hanno molti punti in comune\u201d. \"Dobbiamo dare pi\u00f9 forza a crescita e lavoro\" anche nella prospettiva del controllo dei conti pubblici: \"la posta in gioco \u00e8 pi\u00f9 crescita\" perch\u00e9 con questa \"\u00e8 pi\u00f9 facile ottenere risultati su disavanzi e debiti pubblici\".<\/p>\n<p>\u201cHo un'esperienza di soli due anni \u2013 ha detto Hollande rivolgendosi al premier italiano - ma quello che ti posso dire su quello che si deve fare e non si deve fare te lo dir\u00f2\".<\/p>\n<p>\"Ci siamo incontrati soprattutto per discutere dell'Europa \u2013 ha detto il presidente francese -. Condividiamo la stessa volonta, su questa Unione della quale entrambi i Paesi sono fondatori. Abbiamo entrambi delle responsabilita e vogliamo usare queste responsabilita per convincere i nostri elettori che \u00e8 una chance per la pace e la democrazia ma non \u00e8 ancora considerata una chance per la crescita e l'occupazione\".<\/p>\n<p>\"L'Europa ha bisogno di essere viva \u2013 ha spiegato Renzi -, rispettiamo tutti i limiti dei trattati europei ma il primo rispetto che dobbiamo ai padri fondatori \u00e8 fare dell'Europa un luogo di cittadini e di popoli e non solo della tecnocrazia\". \u201cPossiamo, dobbiamo, cambiare l'Europa insieme: \u00e8 la prima sfida che dobbiamo affrontare nei prossimi mesi e nei prossimi anni. Abbiamo una scommessa politica da fare, far capire ai nostri cittadini che noi potremo avere pi\u00f9 euro in tasca solo se avremo pi\u00f9 Europa nelle nostre istituzioni e nella nostra politica. Pensiamo che nel rispetto dei vincoli dobbiamo riflettere insieme con la nuova Commissione su come l'Ue aiuter\u00e0 i Paesi membri ad insistere su crescita e lotta alla disoccupazione giovanile, che ha raggiunto livelli inaccettabili\", ha concluso il premier italiano.<\/p>\n<p>\u201cNon sforeremo il tetto del 3%\u201d, ha ribadito Renzi, \u201ccambieremo il patto di stabilit\u00e0 interno ma rispetteremo i vincoli europei\u201d. \"Quando parlo di patto di stabilit\u00e0 \u2013 ha sottolineato il premier italiano-, parlo del patto di stabilit\u00e0 interno\" relativo agli enti locali. \"Cambieremo il patto di stabilit\u00e0 interno, nessun vincolo sar\u00e0 sforato, tutti i vincoli saranno rispettati. Certo, pensiamo che nel rispetto dei vincoli dobbiamo riflettere insieme con la nuova Commissione come l'Europa aiuter\u00e0 i paesi membri sulla crescita e sull'occupazione. Sono 20 anni che il nostro paese ha un surplus primario, per\u00f2 oggi viviamo una fase di difficolt\u00e0: per cambiare abbiamo bisogno di rispettare le regole, che non vengono da un nemico ma da noi stessi, e contemporaneamente dire che l'attenzione alla crescita e ai problemi di chi sta male \u00e8 una priorit\u00e0\". Da parte sua Hollande ha detto che gli impegni europei \"devono essere rispettati\" e bisogna lavorare perch\u00e9 ci sia \"stabilit\u00e0 e l'Euro si riconosciuto come moneta stabile\". \"Credo non ci sia bisogno di convincere il presidente Hollande a cambiare verso&nbsp; - ha chiosato Renzi -, c'\u00e8 una condivisione sul fatto che i vincoli e i limiti europei vanno rispettati e contemporaneamente compito della politica sia quello di ridurre lo spread tra cittadini e istituzioni\".<\/p>\n<p>\"Con Renzi abbiamo parlato della dell'Ucraina \u2013 ha detto Hollande - dove il referendum o la consultazione di domani non ha nessun valore legale\". \u201cIin Ucraina deve essere fatto il possibile perch\u00e9 si ritrovi la via del negoziato nel rispetto dell'integrit\u00e0 territoriale\". \u201cCondivido le considerazioni di Hollande\u201d, ha concluso Renzi. \u201cIl referendum in Crimea \u2013 ha spiegato il presidente francese - non \u00e8 conforme al diritto internazionale n\u00e9 a quello interno, la Francia come l'Ue non riconoscer\u00e0 la validit\u00e0 di questa pseudo-consultazione. I ministri degli Esteri europei hanno definito una serie di sanzioni e se luned\u00ec non ci sar\u00e0 una de-escalation saranno applicate sanzioni su patrimoni finanziari e visti\".<\/p>\n<p>In Siria, ha spiegato Hollande, \"malauguratamente c'\u00e8 una tragedia che dura da tre anni: Francia e Italia non hanno chiuso occhi. Ci sono drammi e massacri ogni giorno e la Conferenza di Ginevra non ha dato soluzioni. Dobbiamo continuare a esercitare la pressione\".<\/p>\n<p>Renzi vuol far emergere \"un'altra Europa\", proprio come Hollande che \"lavora da due anni per cambiare l'orientamento\" delle politiche Ue. E\u2019 quanto scritto dall'Eliseo nel documento di presentazione dell'incontro fra il presidente del Consiglio italiano e il capo dello stato francese. \"Insieme \u2013 continua il testo -, abbiamo ora la stessa volont\u00e0 di accelerare, in un momento in cui le istituzioni europee si rinnovano e si definiscono i grandi orientamenti dei prossimi cinque anni\". Francia e Italia, si legge nella nota, hanno \"le stesse priorit\u00e0\", tra cui \"la necessit\u00e0 di un'Europa pi\u00f9 politica, pi\u00f9 semplice, pi\u00f9 chiara, che concentri la sua azione su alcune priorit\u00e0: la crescita e l'occupazione ma anche l'energia, la protezone delle frontiere e la gestione dell'immigrazione e il rafforzamento della politica estera e della difesa\".<\/p>\n<p>Conclusa la tappa parigina, il premier italiano \u00e8 atteso luned\u00ec a Berlino dove incontrer\u00e0 la cancelliera Angela Merkel e poi, gioved\u00ec, sar\u00e0 a Bruxelles per il Consiglio europeo tutto dedicato all\u2019economia e dove incontrer\u00e0 in un bilaterale il presidente della Commissione europea Jos\u00e9 Manuel Barroso.<\/p>\n","protected":false},"excerpt":{"rendered":"<p>E&#8217; cominciato da Parigi il tour europeo del premier Matteo Renzi che ha incontrato questa mattina il presidente francese Francois Hollande. Un incontro caratterizzato dalla&#8230;<\/p>\n","protected":false},"author":2,"featured_media":0,"comment_status":"closed","ping_status":"closed","sticky":false,"template":"","format":"standard","meta":[],"categories":[49],"tags":[],"_links":{"self":[{"href":"https:\/\/www.cronacaonline.it\/index.php\/wp-json\/wp\/v2\/posts\/109975"}],"collection":[{"href":"https:\/\/www.cronacaonline.it\/index.php\/wp-json\/wp\/v2\/posts"}],"about":[{"href":"https:\/\/www.cronacaonline.it\/index.php\/wp-json\/wp\/v2\/types\/post"}],"author":[{"embeddable":true,"href":"https:\/\/www.cronacaonline.it\/index.php\/wp-json\/wp\/v2\/users\/2"}],"replies":[{"embeddable":true,"href":"https:\/\/www.cronacaonline.it\/index.php\/wp-json\/wp\/v2\/comments?post=109975"}],"version-history":[{"count":0,"href":"https:\/\/www.cronacaonline.it\/index.php\/wp-json\/wp\/v2\/posts\/109975\/revisions"}],"wp:attachment":[{"href":"https:\/\/www.cronacaonline.it\/index.php\/wp-json\/wp\/v2\/media?parent=109975"}],"wp:term":[{"taxonomy":"category","embeddable":true,"href":"https:\/\/www.cronacaonline.it\/index.php\/wp-json\/wp\/v2\/categories?post=109975"},{"taxonomy":"post_tag","embeddable":true,"href":"https:\/\/www.cronacaonline.it\/index.php\/wp-json\/wp\/v2\/tags?post=109975"}],"curies":[{"name":"wp","href":"https:\/\/api.w.org\/{rel}","templated":true}]}}