{"id":109887,"date":"2014-03-15T17:20:46","date_gmt":"2014-03-15T16:20:46","guid":{"rendered":"http:\/\/www.cronacaonline.it\/public\/content\/index.php\/15\/03\/2014\/pregiudicato-di-dolianova-arrestato-dai-carabinieri-per-furto-aggravato"},"modified":"2014-03-15T17:20:46","modified_gmt":"2014-03-15T16:20:46","slug":"pregiudicato-di-dolianova-arrestato-dai-carabinieri-per-furto-aggravato","status":"publish","type":"post","link":"https:\/\/www.cronacaonline.it\/index.php\/2014\/03\/15\/pregiudicato-di-dolianova-arrestato-dai-carabinieri-per-furto-aggravato\/","title":{"rendered":"Pregiudicato di Dolianova arrestato dai carabinieri per furto aggravato."},"content":{"rendered":"<p>Questa notte, alle ore 01:30 circa, i carabinieri dell\u2019aliquotaradiomobile della compagnia di Dolianova hanno tratto in arresto, in flagranzadi reato,&nbsp; Roberto Sarritzu, 49enne del posto, per&nbsp;furto aggravato.<\/p>\n<p>Il pregiudicato \u00e8 stato sorpreso dai militari mentre eraintento a smontare ed asportare delle grondaie di rame dai muri esterni dellastruttura \u201cCasa della Serenit\u00e0\u201d nella via vescovado di Dolianova.<\/p>\n<p>Identificato e sottoposto a perquisizione personale, \u00e8 statopoi trovato in possesso di un coltello a serramanico di genere proibito e diuna pistola giocattolo priva di tappo rosso, unitamente agli arnesi con i qualiera intento a smontare le grondaie.<\/p>\n<p>Quanto rinvenuto \u00e8 stato posto immediatamente sotto sequestroe le grondaie gi\u00e0 smontate sono state, invece, restituite all\u2019avente diritto.<\/p>\n<p>Il 49enne \u00e8 stato quindi dichiarato in stato di arresto e,terminate le formalit\u00e0 di rito, \u00e8 stato trattenuto presso le camere disicurezza della compagnia di Dolianova, in attesa di essere giudicato con ilrito direttissimo oggi stesso.<\/p>\n","protected":false},"excerpt":{"rendered":"<p>Questa notte, alle ore 01:30 circa, i carabinieri dell\u2019aliquotaradiomobile della compagnia di Dolianova hanno tratto in arresto, in flagranzadi reato,&nbsp; Roberto Sarritzu, 49enne del posto,&#8230;<\/p>\n","protected":false},"author":2,"featured_media":0,"comment_status":"closed","ping_status":"closed","sticky":false,"template":"","format":"standard","meta":[],"categories":[49],"tags":[],"_links":{"self":[{"href":"https:\/\/www.cronacaonline.it\/index.php\/wp-json\/wp\/v2\/posts\/109887"}],"collection":[{"href":"https:\/\/www.cronacaonline.it\/index.php\/wp-json\/wp\/v2\/posts"}],"about":[{"href":"https:\/\/www.cronacaonline.it\/index.php\/wp-json\/wp\/v2\/types\/post"}],"author":[{"embeddable":true,"href":"https:\/\/www.cronacaonline.it\/index.php\/wp-json\/wp\/v2\/users\/2"}],"replies":[{"embeddable":true,"href":"https:\/\/www.cronacaonline.it\/index.php\/wp-json\/wp\/v2\/comments?post=109887"}],"version-history":[{"count":0,"href":"https:\/\/www.cronacaonline.it\/index.php\/wp-json\/wp\/v2\/posts\/109887\/revisions"}],"wp:attachment":[{"href":"https:\/\/www.cronacaonline.it\/index.php\/wp-json\/wp\/v2\/media?parent=109887"}],"wp:term":[{"taxonomy":"category","embeddable":true,"href":"https:\/\/www.cronacaonline.it\/index.php\/wp-json\/wp\/v2\/categories?post=109887"},{"taxonomy":"post_tag","embeddable":true,"href":"https:\/\/www.cronacaonline.it\/index.php\/wp-json\/wp\/v2\/tags?post=109887"}],"curies":[{"name":"wp","href":"https:\/\/api.w.org\/{rel}","templated":true}]}}