{"id":109765,"date":"2014-02-16T17:20:46","date_gmt":"2014-02-16T16:20:46","guid":{"rendered":"http:\/\/www.cronacaonline.it\/public\/content\/index.php\/16\/02\/2014\/regionali-16-febbraio---ultimo-aggiornamento-comuni-elettori-sono-1480366"},"modified":"2014-02-16T17:20:46","modified_gmt":"2014-02-16T16:20:46","slug":"regionali-16-febbraio-ultimo-aggiornamento-comuni-elettori-sono-1480366","status":"publish","type":"post","link":"https:\/\/www.cronacaonline.it\/index.php\/2014\/02\/16\/regionali-16-febbraio-ultimo-aggiornamento-comuni-elettori-sono-1480366\/","title":{"rendered":"Regionali 16 febbraio &#8211; Ultimo aggiornamento comuni, elettori sono 1.480.366"},"content":{"rendered":"<p>Si sono aperti alle 6,30 i seggi&nbsp; in Sardegna per le elezioni del Presidente della Regione e dei componenti del 15\/o Consiglio regionale. Si vota nella sola giornata di oggi e le 1836 sezioni chiuderanno alle 22. Riapriranno alle 7 di luned\u00ec quando comincer\u00e0 lo spoglio che,&nbsp; secondo quanto stabilisce la&nbsp; legge statutaria, dovr\u00e0 concludersi entro le 19. Sulla base delle ultime segnalazioni giunte dai Comuni, il numero finale degli elettori \u00e8 di 1.480.366, di cui 725.305 uomini e 755.061 donne.<\/p>\n<p>Il dato sull\u2019affluenza sar\u00e0 diffuso dal Servizio Elettorale della Regione, secondo i tre tradizionali rilevamenti: alle 12, alle 19 e alle 22.<\/p>\n<p>L'elettore dovr\u00e0 presentarsi al seggio con un documento di riconoscimento e con la tessera elettorale. Chi non ha la tessera o l'ha smarrita pu\u00f2 richiederla all'ufficio elettorale del Comune di iscrizione nelle liste elettorali.<\/p>\n<p>Il vademecum sul voto, con allegata scheda esplicativa, \u00e8 consultabile&nbsp; nello Speciale Elezioni sul sito istituzionale (<A href=\"http:\/\/www.regione.sardegna.it\">www.regione.sardegna.it<\/A>), che pubblicher\u00e0 i risultati man mano che arrivano al Servizio Elettorale. <\/p>\n","protected":false},"excerpt":{"rendered":"<p>Si sono aperti alle 6,30 i seggi&nbsp; in Sardegna per le elezioni del Presidente della Regione e dei componenti del 15\/o Consiglio regionale. Si vota&#8230;<\/p>\n","protected":false},"author":2,"featured_media":0,"comment_status":"closed","ping_status":"closed","sticky":false,"template":"","format":"standard","meta":[],"categories":[49],"tags":[],"_links":{"self":[{"href":"https:\/\/www.cronacaonline.it\/index.php\/wp-json\/wp\/v2\/posts\/109765"}],"collection":[{"href":"https:\/\/www.cronacaonline.it\/index.php\/wp-json\/wp\/v2\/posts"}],"about":[{"href":"https:\/\/www.cronacaonline.it\/index.php\/wp-json\/wp\/v2\/types\/post"}],"author":[{"embeddable":true,"href":"https:\/\/www.cronacaonline.it\/index.php\/wp-json\/wp\/v2\/users\/2"}],"replies":[{"embeddable":true,"href":"https:\/\/www.cronacaonline.it\/index.php\/wp-json\/wp\/v2\/comments?post=109765"}],"version-history":[{"count":0,"href":"https:\/\/www.cronacaonline.it\/index.php\/wp-json\/wp\/v2\/posts\/109765\/revisions"}],"wp:attachment":[{"href":"https:\/\/www.cronacaonline.it\/index.php\/wp-json\/wp\/v2\/media?parent=109765"}],"wp:term":[{"taxonomy":"category","embeddable":true,"href":"https:\/\/www.cronacaonline.it\/index.php\/wp-json\/wp\/v2\/categories?post=109765"},{"taxonomy":"post_tag","embeddable":true,"href":"https:\/\/www.cronacaonline.it\/index.php\/wp-json\/wp\/v2\/tags?post=109765"}],"curies":[{"name":"wp","href":"https:\/\/api.w.org\/{rel}","templated":true}]}}