{"id":109546,"date":"2014-02-25T17:20:46","date_gmt":"2014-02-25T16:20:46","guid":{"rendered":"http:\/\/www.cronacaonline.it\/public\/content\/index.php\/25\/02\/2014\/bersani-torna-in-aula-renzi-ringrazia-lex-segretario-qui-per-letta"},"modified":"2014-02-25T17:20:46","modified_gmt":"2014-02-25T16:20:46","slug":"bersani-torna-in-aula-renzi-ringrazia-lex-segretario-qui-per-letta","status":"publish","type":"post","link":"https:\/\/www.cronacaonline.it\/index.php\/2014\/02\/25\/bersani-torna-in-aula-renzi-ringrazia-lex-segretario-qui-per-letta\/","title":{"rendered":"Bersani torna in Aula, Renzi ringrazia. L&#8217;ex segretario: &#8220;Qui per Letta&#8221;"},"content":{"rendered":"<p>Nel giorno della fiducia al governo Renzi, a Montecitorio torna Pierluigi Bersani, accolto da un lungo applauso dei deputati e dal tweet del neopremier, che ha sottolineato l\u2019importanza della presenza in Aula dell\u2019ex segretario Pd ed ex avversario proprio di Renzi alle primarie. <\/p>\n<p>Bersani mancava da Montecitorio da gennaio, quando fu colpito da un'emorragia cerebrale che lo ha costretto ad una lunga convalescenza.<BR>\"Sono venuto ad abbracciare Enrico (Letta), ma ancora non \u00e8 arrivato?\". <\/p>\n<p>ersani ai colleghi parlamentari di maggioranza e opposizione, dal capogruppo di Fi Renato Brunetta al portavoce del Pd Lorenzo Guerini, che si accalcano per salutarlo e chiedergli come sta, dopo la malattia, regala sorrisi e battute. Poi dice: \"Sono qui per fare il mio doppio dovere: votare la fiducia e abbracciare Enrico Letta\". E poco dopo le 16.00 a Montecitorio arriva anche l'ex premier Enrico Letta e i due si abbracciano.<\/p>\n<p>L'ex segretario del Pd, dopo la replica alla Camera di Renzi, ha commentato le ultime vicende politiche e l'avvicendamento a palazzo Chigi: \"Bench\u00e9 mi pare che questo governo non abbia tra le sue qualit\u00e0 migliori l'umilt\u00e0, \u00e8 pur sempre un governo che ha bisogno di aiuto e questo aiuto bisogner\u00e0 darglielo una volta chiariti gli obiettivi\". E certo \"\u00e8 evidente che da domani gli italiani valuteranno lo spread tra le parole e i fatti\", ma l'ex sindaco \"non poteva venire qui con i fatti\" e quindi \"i fatti saranno verificati nei prossimi tempi\", ha sottolineato Bersani. Quanto al Pd, nessun problema, \"regger\u00e0, regger\u00e0\", ha concluso Bersani. <BR><\/p>\n","protected":false},"excerpt":{"rendered":"<p>Nel giorno della fiducia al governo Renzi, a Montecitorio torna Pierluigi Bersani, accolto da un lungo applauso dei deputati e dal tweet del neopremier, che&#8230;<\/p>\n","protected":false},"author":2,"featured_media":0,"comment_status":"closed","ping_status":"closed","sticky":false,"template":"","format":"standard","meta":[],"categories":[49],"tags":[],"_links":{"self":[{"href":"https:\/\/www.cronacaonline.it\/index.php\/wp-json\/wp\/v2\/posts\/109546"}],"collection":[{"href":"https:\/\/www.cronacaonline.it\/index.php\/wp-json\/wp\/v2\/posts"}],"about":[{"href":"https:\/\/www.cronacaonline.it\/index.php\/wp-json\/wp\/v2\/types\/post"}],"author":[{"embeddable":true,"href":"https:\/\/www.cronacaonline.it\/index.php\/wp-json\/wp\/v2\/users\/2"}],"replies":[{"embeddable":true,"href":"https:\/\/www.cronacaonline.it\/index.php\/wp-json\/wp\/v2\/comments?post=109546"}],"version-history":[{"count":0,"href":"https:\/\/www.cronacaonline.it\/index.php\/wp-json\/wp\/v2\/posts\/109546\/revisions"}],"wp:attachment":[{"href":"https:\/\/www.cronacaonline.it\/index.php\/wp-json\/wp\/v2\/media?parent=109546"}],"wp:term":[{"taxonomy":"category","embeddable":true,"href":"https:\/\/www.cronacaonline.it\/index.php\/wp-json\/wp\/v2\/categories?post=109546"},{"taxonomy":"post_tag","embeddable":true,"href":"https:\/\/www.cronacaonline.it\/index.php\/wp-json\/wp\/v2\/tags?post=109546"}],"curies":[{"name":"wp","href":"https:\/\/api.w.org\/{rel}","templated":true}]}}