{"id":109500,"date":"2014-01-27T17:20:46","date_gmt":"2014-01-27T16:20:46","guid":{"rendered":"http:\/\/www.cronacaonline.it\/public\/content\/index.php\/27\/01\/2014\/gdf-porto-torres-sequestrati-105-kg-di-cocaina-occultati-in-unautovettura-giunta-a-porto-torres-a-bordo-della-nave-proveniente-da-genova"},"modified":"2014-01-27T17:20:46","modified_gmt":"2014-01-27T16:20:46","slug":"gdf-porto-torres-sequestrati-105-kg-di-cocaina-occultati-in-unautovettura-giunta-a-porto-torres-a-bordo-della-nave-proveniente-da-genova","status":"publish","type":"post","link":"https:\/\/www.cronacaonline.it\/index.php\/2014\/01\/27\/gdf-porto-torres-sequestrati-105-kg-di-cocaina-occultati-in-unautovettura-giunta-a-porto-torres-a-bordo-della-nave-proveniente-da-genova\/","title":{"rendered":"Gdf Porto Torres: sequestrati 10,5 kg di cocaina occultati in un\u2019autovettura giunta a Porto Torres a bordo della nave proveniente da Genova."},"content":{"rendered":"<p>I militari della Guardia di Finanza di Porto Torres hanno arrestato un sardo, L.I., di 50 anni, titolare di un'impresa di pulizie in Lombardia, trovato in possesso di 10,5 chilogrammi di cocaina.<\/p>\n<p>L'uomo \u00e8 sbarcato alla guida di un'autovettura proveniente da Genova che poi \u00e8 stato selezionato dai finanzieri della Tenenza di Porto Torres.<\/p>\n<p>A mettere in allarme i militari della Gdf turritana \u00e8 stato il particolare stato di agitazione mostrato dall'uomo, nonch\u00e9 le motivazioni addotte circa il viaggio nell'isola a seguito delle quali hanno indotto gli uomini delle Fiamme Gialle ad eseguire un riscontro pi\u00f9 approfondito.<\/p>\n<p>\u00c8 stato cos\u00ec scoperto un doppio fondo artatamente ricavato nel portabagagli sotto il vano porta ruota di scorta dell'autoveicolo dove vi sono stati rinvenuti 9 panetti di cocaina, per un peso complessivo di 10,5 chilogrammi.<\/p>\n<p>A questo punto il 50enne \u00e8 stato fermato e poi dichiarato in arresto per traffico di sostanze stupefacenti e poi, dopo le formalit\u00e0 di legge in caserma, accompagnato e rinchiuso presso il carcere di Bancali dove rimarr\u00e0 a disposizione dell'A.G.<\/p>\n<p>Nell'ambito dell'attivit\u00e0 \u00e8 stata inoltre sottoposta a sequestro la vettura utilizzata per il trasporto della sostanza stupefacente.<BR><\/p>\n","protected":false},"excerpt":{"rendered":"<p>I militari della Guardia di Finanza di Porto Torres hanno arrestato un sardo, L.I., di 50 anni, titolare di un&#8217;impresa di pulizie in Lombardia, trovato&#8230;<\/p>\n","protected":false},"author":2,"featured_media":0,"comment_status":"closed","ping_status":"closed","sticky":false,"template":"","format":"standard","meta":[],"categories":[49],"tags":[],"_links":{"self":[{"href":"https:\/\/www.cronacaonline.it\/index.php\/wp-json\/wp\/v2\/posts\/109500"}],"collection":[{"href":"https:\/\/www.cronacaonline.it\/index.php\/wp-json\/wp\/v2\/posts"}],"about":[{"href":"https:\/\/www.cronacaonline.it\/index.php\/wp-json\/wp\/v2\/types\/post"}],"author":[{"embeddable":true,"href":"https:\/\/www.cronacaonline.it\/index.php\/wp-json\/wp\/v2\/users\/2"}],"replies":[{"embeddable":true,"href":"https:\/\/www.cronacaonline.it\/index.php\/wp-json\/wp\/v2\/comments?post=109500"}],"version-history":[{"count":0,"href":"https:\/\/www.cronacaonline.it\/index.php\/wp-json\/wp\/v2\/posts\/109500\/revisions"}],"wp:attachment":[{"href":"https:\/\/www.cronacaonline.it\/index.php\/wp-json\/wp\/v2\/media?parent=109500"}],"wp:term":[{"taxonomy":"category","embeddable":true,"href":"https:\/\/www.cronacaonline.it\/index.php\/wp-json\/wp\/v2\/categories?post=109500"},{"taxonomy":"post_tag","embeddable":true,"href":"https:\/\/www.cronacaonline.it\/index.php\/wp-json\/wp\/v2\/tags?post=109500"}],"curies":[{"name":"wp","href":"https:\/\/api.w.org\/{rel}","templated":true}]}}