{"id":109499,"date":"2014-01-10T17:20:46","date_gmt":"2014-01-10T16:20:46","guid":{"rendered":"http:\/\/www.cronacaonline.it\/public\/content\/index.php\/10\/01\/2014\/avvicendamenti--funzionari-in-servizio-presso-la-questura-di-sassari"},"modified":"2014-01-10T17:20:46","modified_gmt":"2014-01-10T16:20:46","slug":"avvicendamenti-funzionari-in-servizio-presso-la-questura-di-sassari","status":"publish","type":"post","link":"https:\/\/www.cronacaonline.it\/index.php\/2014\/01\/10\/avvicendamenti-funzionari-in-servizio-presso-la-questura-di-sassari\/","title":{"rendered":"Avvicendamenti  funzionari in servizio presso la Questura di Sassari"},"content":{"rendered":"<p>Nei giorni scorsi, con provvedimento ministeriale sono stati trasferiti due funzionari in servizio presso la Questura di Sassari ed il Commissariato di P.S. di Ozieri.<\/p>\n<p>Loredana Vento, 39 anni, messinese, Commissario Capo della Polizia di Stato, \u00e8 stata trasferita dal Commissariato di Ozieri alla Questura di Mantova dove le \u00e8 stata affidata la direzione della Squadra Mobile. In sostituzione della Vento \u00e8 stato trasferito da questa sede il Commissario Capo Adriano Tondo, 51 anni di Brindisi, lasciando vacante la direzione dell\u2019Ufficio Prevenzione Generale che sar\u00e0 a breve ricoperta da un funzionario proveniente da altra provincia.<\/p>\n<p>Sia Vento che Tondo, provenienti dal corso di formazione per i funzionari di Polizia, prima dell\u2019arrivo in questa provincia avevano diretto rispettivamente i Commissariati P.S. di Macomer e Siniscola. <\/p>\n","protected":false},"excerpt":{"rendered":"<p>Nei giorni scorsi, con provvedimento ministeriale sono stati trasferiti due funzionari in servizio presso la Questura di Sassari ed il Commissariato di P.S. di Ozieri.&#8230;<\/p>\n","protected":false},"author":2,"featured_media":0,"comment_status":"closed","ping_status":"closed","sticky":false,"template":"","format":"standard","meta":[],"categories":[49],"tags":[],"_links":{"self":[{"href":"https:\/\/www.cronacaonline.it\/index.php\/wp-json\/wp\/v2\/posts\/109499"}],"collection":[{"href":"https:\/\/www.cronacaonline.it\/index.php\/wp-json\/wp\/v2\/posts"}],"about":[{"href":"https:\/\/www.cronacaonline.it\/index.php\/wp-json\/wp\/v2\/types\/post"}],"author":[{"embeddable":true,"href":"https:\/\/www.cronacaonline.it\/index.php\/wp-json\/wp\/v2\/users\/2"}],"replies":[{"embeddable":true,"href":"https:\/\/www.cronacaonline.it\/index.php\/wp-json\/wp\/v2\/comments?post=109499"}],"version-history":[{"count":0,"href":"https:\/\/www.cronacaonline.it\/index.php\/wp-json\/wp\/v2\/posts\/109499\/revisions"}],"wp:attachment":[{"href":"https:\/\/www.cronacaonline.it\/index.php\/wp-json\/wp\/v2\/media?parent=109499"}],"wp:term":[{"taxonomy":"category","embeddable":true,"href":"https:\/\/www.cronacaonline.it\/index.php\/wp-json\/wp\/v2\/categories?post=109499"},{"taxonomy":"post_tag","embeddable":true,"href":"https:\/\/www.cronacaonline.it\/index.php\/wp-json\/wp\/v2\/tags?post=109499"}],"curies":[{"name":"wp","href":"https:\/\/api.w.org\/{rel}","templated":true}]}}