{"id":109497,"date":"2014-01-22T17:20:46","date_gmt":"2014-01-22T16:20:46","guid":{"rendered":"http:\/\/www.cronacaonline.it\/public\/content\/index.php\/22\/01\/2014\/comune-stintino---una-casa-di-riposo-per-anziani-nel-parco-sud-approvato-dalla-giunta-il-progetto-preliminare-con-23-posti-letto"},"modified":"2014-01-22T17:20:46","modified_gmt":"2014-01-22T16:20:46","slug":"comune-stintino-una-casa-di-riposo-per-anziani-nel-parco-sud-approvato-dalla-giunta-il-progetto-preliminare-con-23-posti-letto","status":"publish","type":"post","link":"https:\/\/www.cronacaonline.it\/index.php\/2014\/01\/22\/comune-stintino-una-casa-di-riposo-per-anziani-nel-parco-sud-approvato-dalla-giunta-il-progetto-preliminare-con-23-posti-letto\/","title":{"rendered":"Comune Stintino &#8211; Una casa di riposo per anziani nel \u201cParco Sud\u201d, approvato dalla giunta il progetto preliminare con 23 posti letto."},"content":{"rendered":"<p>Per la casa di riposo degli anziani adesso c\u2019\u00e8 il progetto. La giunta comunale di Stintino, infatti, nei giorni scorsi ha approvato il progetto preliminare per la struttura prevista nel progetto speciale \u201cParco Sud\u201d del Piano urbanistico comunale.<\/p>\n<p>Prosegue l\u2019azione dall\u2019amministrazione comunale stintinese, guidata dal sindaco Antonio Diana, che mira a realizzare una struttura di riferimento non soltanto per gli anziani locali ma di tutto il territorio. \u00abIl nostro obiettivo \u2013 afferma il primo cittadino \u2013 \u00e8 quello di realizzare un\u2019opera che sia confortevole, moderna e funzionale. Per questo, attraverso il Puc, abbiamo individuato la possibilit\u00e0 di costruirla in una zona immersa nel verde, nel contempo che domini il paese con una vista sullo splendido panorama del golfo, e che sia vicina al paese\u00bb.<\/p>\n<p>Il \u201cParco Sud\u201d, infatti, \u00e8 situato appena sopra la piazza dei 45 e la casa di riposo \u00e8 prevista in prossimit\u00e0 di via delle Frecce Tricolori, cos\u00ec da essere collegata con al centro abitato. La struttura, inoltre, sorgerebbe su un promontorio che guarda il porto vecchio, circondato da vegetazione e da un boschetto di pini che \u00e8 utilizzato come zona di sosta e ristoro per picnic e passeggiate.<\/p>\n<p>Nel progetto preliminare realizzato dall\u2019ingegner Claudio Campus la struttura, su due livelli, si sviluppa in lunghezza. La superficie territoriale destinata alla casa di riposo \u00e8 di oltre 8750 metri quadrati per una capacit\u00e0 edificatoria pari a 4500 metri quadrati. Il progetto prevede un edificio con una superficie abitabile lorda di 850 metri quadri e viene ammessa la possibilit\u00e0 di un ulteriore ampliamento di 650 mq.<\/p>\n<p>Il documento tecnico prevede la realizzazione dell\u2019opera per stralci esecutivi, la dotazione di 23 posti letto con possibilit\u00e0 di ampliamento a 50 e, allo stato attuale, una dotazione minima di spazi centralizzati per hall, servizi, spazi comuni, una sala ludica e uffici. Si sviluppa su due livelli, con un piano semi-interrato destinato a depositi, locali tecnici e di rimessaggio per gli automezzi, quindi uno fuori terra parzialmente rialzato. Il piano terra \u00e8 quello destinato alla residenza degli anziani, con undici stanze doppie e una singola, servizi gestionali e amministrativi.<\/p>\n<p>L\u2019importo complessivo dell\u2019intervento, secondo quanto ha previsto la giunta nella delibera di approvazione del progetto, ammonta a oltre 4 milioni e 700 mila euro. Ecco allora che, con la realizzazione del documento tecnico preliminare, l\u2019amministrazione comunale si dota di uno strumento che le potr\u00e0 consentire di accedere a eventuali bandi di finanziamento dell\u2019opera. Com<\/p>\n","protected":false},"excerpt":{"rendered":"<p>Per la casa di riposo degli anziani adesso c\u2019\u00e8 il progetto. La giunta comunale di Stintino, infatti, nei giorni scorsi ha approvato il progetto preliminare&#8230;<\/p>\n","protected":false},"author":2,"featured_media":0,"comment_status":"closed","ping_status":"closed","sticky":false,"template":"","format":"standard","meta":[],"categories":[49],"tags":[],"_links":{"self":[{"href":"https:\/\/www.cronacaonline.it\/index.php\/wp-json\/wp\/v2\/posts\/109497"}],"collection":[{"href":"https:\/\/www.cronacaonline.it\/index.php\/wp-json\/wp\/v2\/posts"}],"about":[{"href":"https:\/\/www.cronacaonline.it\/index.php\/wp-json\/wp\/v2\/types\/post"}],"author":[{"embeddable":true,"href":"https:\/\/www.cronacaonline.it\/index.php\/wp-json\/wp\/v2\/users\/2"}],"replies":[{"embeddable":true,"href":"https:\/\/www.cronacaonline.it\/index.php\/wp-json\/wp\/v2\/comments?post=109497"}],"version-history":[{"count":0,"href":"https:\/\/www.cronacaonline.it\/index.php\/wp-json\/wp\/v2\/posts\/109497\/revisions"}],"wp:attachment":[{"href":"https:\/\/www.cronacaonline.it\/index.php\/wp-json\/wp\/v2\/media?parent=109497"}],"wp:term":[{"taxonomy":"category","embeddable":true,"href":"https:\/\/www.cronacaonline.it\/index.php\/wp-json\/wp\/v2\/categories?post=109497"},{"taxonomy":"post_tag","embeddable":true,"href":"https:\/\/www.cronacaonline.it\/index.php\/wp-json\/wp\/v2\/tags?post=109497"}],"curies":[{"name":"wp","href":"https:\/\/api.w.org\/{rel}","templated":true}]}}