{"id":109492,"date":"2014-01-23T17:20:46","date_gmt":"2014-01-23T16:20:46","guid":{"rendered":"http:\/\/www.cronacaonline.it\/public\/content\/index.php\/23\/01\/2014\/medicina-europea--confronto-aperto-e-vincente"},"modified":"2014-01-23T17:20:46","modified_gmt":"2014-01-23T16:20:46","slug":"medicina-europea-confronto-aperto-e-vincente","status":"publish","type":"post","link":"https:\/\/www.cronacaonline.it\/index.php\/2014\/01\/23\/medicina-europea-confronto-aperto-e-vincente\/","title":{"rendered":"Medicina europea,  confronto aperto e vincente"},"content":{"rendered":"<p>Il 10 gennaio scorso si \u00e8 chiuso l\u2019ultimo modulo del corso internazionale \u201cMedical Development in Europe\u201d.&nbsp;L'evento \u00e8 stato organizzato in collaborazione dalle facolt\u00e0 di Medicina dell\u2019Universit\u00e0 di Cagliari, del Karolinska Institute di Stoccolma (Svezia) e dalla facolt\u00e0 di Medicina Jagiellonska&nbsp; di Cracovia (Polonia) ed il corso \u00e8 giunto alla sesta edizione.<\/p>\n<p>Temi e priorit\u00e0. Dalla sfera medica ad altri pi\u00f9 generali utili agli studenti per un\u2019idea globale del sistema e della legislazione sanitaria delle tre nazioni dell\u2019Unione europea. Il corso fornisce una pi\u00f9 ampia conoscenza degli aspetti medici, in modo da favorire la rapida e completa integrazione dei laureati in medicina dei diversi Paesi.<\/p>\n<p>Mentre la prima edizione svolta nel 2009 ha avuto 12 allievi, quest\u2019anno i partecipanti sono stati 34. Tra questi, 12 di Cracovia, 12 di Stoccolma e 10 di Cagliari. Tra gli studenti stranieri alcuni statunitensi, canadesi e francesi, frequentanti le facolt\u00e0 di medicina di Stoccolma e di Cracovia.&nbsp;<\/p>\n<p>Nell\u2019ambito del corso, gli studenti seguono tre moduli spostandosi da una sede all\u2019altra (dal 16 al 22 dicembre a Stoccolma, dal 7 all'11 gennaio a Cracovia, dal 13 al 16 gennaio a Cagliari), proprio per dare ai futuri medici la possibilit\u00e0 di verificare le modalit\u00e0 organizzative e il tipo di didattica svolta nelle diverse sedi. Il corso si \u00e8 concluso in citt\u00e0 con una serie di relazioni dei docenti della facolt\u00e0 di Medicina. Tra questi, i professori Paolo Contu, Paolo Moi, Clelia Madeddu. Sono state inoltre visitati i reparti delle cliniche universitarie di Pediatria del Microcitemico e Oncologia, Ginecologia e Radiologia del Policlinico.<\/p>\n<p>Casi clinici. Nei \u201csupercases\u201d gli studenti hanno affrontato problematiche cliniche e incidenza nelle varie aree europee di alcune patologie (diabete, cancro, malattie cardiovascolari). L\u2019esame finale \u00e8 teso a capire e correggere, abitudini alimentari, stili di vita o altri fattori alla base delle differenze di diverse patologie. \u201cMedical Development in Europe\" \u00e8 in Europa l\u2019unico corso \u201citinerante\u201d e rappresenta uno dei ponti con i quali l\u2019ateneo supera le barriere nazionali proponendosi a livello europeo.<\/p>\n<p>Curato dai professori Hans Gillenhammer (Stoccolma), Tomasz Brzozowski (Cracovia) e Amedeo Columbano (Cagliari), il corso d\u00e0 6 Ects (crediti formativi europei), e fa parte dell\u2019offerta formativa in inglese dell\u2019ateneo. Il corso \u00e8 stato supportato dai docenti di Medicina e dal suo presidente, Paolo Contu, e dalle associazione studentesche ISAWO e Esn. Com<\/p>\n","protected":false},"excerpt":{"rendered":"<p>Il 10 gennaio scorso si \u00e8 chiuso l\u2019ultimo modulo del corso internazionale \u201cMedical Development in Europe\u201d.&nbsp;L&#8217;evento \u00e8 stato organizzato in collaborazione dalle facolt\u00e0 di Medicina&#8230;<\/p>\n","protected":false},"author":2,"featured_media":0,"comment_status":"closed","ping_status":"closed","sticky":false,"template":"","format":"standard","meta":[],"categories":[49],"tags":[],"_links":{"self":[{"href":"https:\/\/www.cronacaonline.it\/index.php\/wp-json\/wp\/v2\/posts\/109492"}],"collection":[{"href":"https:\/\/www.cronacaonline.it\/index.php\/wp-json\/wp\/v2\/posts"}],"about":[{"href":"https:\/\/www.cronacaonline.it\/index.php\/wp-json\/wp\/v2\/types\/post"}],"author":[{"embeddable":true,"href":"https:\/\/www.cronacaonline.it\/index.php\/wp-json\/wp\/v2\/users\/2"}],"replies":[{"embeddable":true,"href":"https:\/\/www.cronacaonline.it\/index.php\/wp-json\/wp\/v2\/comments?post=109492"}],"version-history":[{"count":0,"href":"https:\/\/www.cronacaonline.it\/index.php\/wp-json\/wp\/v2\/posts\/109492\/revisions"}],"wp:attachment":[{"href":"https:\/\/www.cronacaonline.it\/index.php\/wp-json\/wp\/v2\/media?parent=109492"}],"wp:term":[{"taxonomy":"category","embeddable":true,"href":"https:\/\/www.cronacaonline.it\/index.php\/wp-json\/wp\/v2\/categories?post=109492"},{"taxonomy":"post_tag","embeddable":true,"href":"https:\/\/www.cronacaonline.it\/index.php\/wp-json\/wp\/v2\/tags?post=109492"}],"curies":[{"name":"wp","href":"https:\/\/api.w.org\/{rel}","templated":true}]}}