{"id":109488,"date":"2014-01-15T17:20:46","date_gmt":"2014-01-15T16:20:46","guid":{"rendered":"http:\/\/www.cronacaonline.it\/public\/content\/index.php\/15\/01\/2014\/province-il-consiglio-dice-no-alla-riforma-degli-enti-locali"},"modified":"2014-01-15T17:20:46","modified_gmt":"2014-01-15T16:20:46","slug":"province-il-consiglio-dice-no-alla-riforma-degli-enti-locali","status":"publish","type":"post","link":"https:\/\/www.cronacaonline.it\/index.php\/2014\/01\/15\/province-il-consiglio-dice-no-alla-riforma-degli-enti-locali\/","title":{"rendered":"Province, il Consiglio dice no alla riforma degli enti locali."},"content":{"rendered":"<p>\"Questo disastrato Consiglio regionale, che \u00e8 stato capace di fare riforme solo sulla spinta dei referendum, ha perso una grande occasione: nonostante l'appello dei Riformatori per approvare il riordino degli enti locali prima dello stop per le elezioni regionali, non ha voluto procedere con l'approvazione del testo gi\u00e0 varato dalla commissione Riforme\". Lo denuncia il coordinatore regionale dei Riformatori sardi, Michele Cossa.<\/p>\n<p>\"In questa legislatura la Sardegna \u00e8 diventata l'avanguardia in Italia delle riforme istituzionali. Abbiamo ottenuto straordinarie e storiche vittorie: siamo stati i primi a cancellare le province (oggi commissariate e messe in liquidazione), un argomento di cui in Italia si parla da 60 anni senza esito; eliminato i consigli di amministrazione degli enti regionali; dato la spinta determinante per la riduzione del numero dei consiglieri regionali e il dimezzamento delle indennit\u00e0.<\/p>\n<p>A questo Consiglio regionale fatto di alieni lontani anni luce dalla gente e governato da logiche borboniche, \u00e8 mancata la forza di dare un segnale alto aggiunto all'ultimo atto non ha voluto approvare una riforma che non \u00e8 n\u00e9 di destra n\u00e9 di sinistra ma che avrebbe caratterizzato in modo significativo l'intera legislatura: il trasferimento delle funzioni delle province ai Comuni, vero e unico perno del futuro sistema delle autonomie locali.<\/p>\n<p>Certo non demorderemo, proseguono i Riformatori. \"Le prossime elezioni regionali saranno uno snodo fondamentale sul versante della riforma delle istituzioni. Sia chiaro per tutti che i Riformatori sardi saranno intransigenti: il primo provvedimento approvato dal prossimo Consiglio regionale dovr\u00e0 essere il riordino degli enti locali e il definitivo trasferimento delle competenze delle province\".<\/p>\n","protected":false},"excerpt":{"rendered":"<p>&#8220;Questo disastrato Consiglio regionale, che \u00e8 stato capace di fare riforme solo sulla spinta dei referendum, ha perso una grande occasione: nonostante l&#8217;appello dei Riformatori&#8230;<\/p>\n","protected":false},"author":2,"featured_media":0,"comment_status":"closed","ping_status":"closed","sticky":false,"template":"","format":"standard","meta":[],"categories":[49],"tags":[],"_links":{"self":[{"href":"https:\/\/www.cronacaonline.it\/index.php\/wp-json\/wp\/v2\/posts\/109488"}],"collection":[{"href":"https:\/\/www.cronacaonline.it\/index.php\/wp-json\/wp\/v2\/posts"}],"about":[{"href":"https:\/\/www.cronacaonline.it\/index.php\/wp-json\/wp\/v2\/types\/post"}],"author":[{"embeddable":true,"href":"https:\/\/www.cronacaonline.it\/index.php\/wp-json\/wp\/v2\/users\/2"}],"replies":[{"embeddable":true,"href":"https:\/\/www.cronacaonline.it\/index.php\/wp-json\/wp\/v2\/comments?post=109488"}],"version-history":[{"count":0,"href":"https:\/\/www.cronacaonline.it\/index.php\/wp-json\/wp\/v2\/posts\/109488\/revisions"}],"wp:attachment":[{"href":"https:\/\/www.cronacaonline.it\/index.php\/wp-json\/wp\/v2\/media?parent=109488"}],"wp:term":[{"taxonomy":"category","embeddable":true,"href":"https:\/\/www.cronacaonline.it\/index.php\/wp-json\/wp\/v2\/categories?post=109488"},{"taxonomy":"post_tag","embeddable":true,"href":"https:\/\/www.cronacaonline.it\/index.php\/wp-json\/wp\/v2\/tags?post=109488"}],"curies":[{"name":"wp","href":"https:\/\/api.w.org\/{rel}","templated":true}]}}