{"id":109481,"date":"2014-01-17T17:20:46","date_gmt":"2014-01-17T16:20:46","guid":{"rendered":"http:\/\/www.cronacaonline.it\/public\/content\/index.php\/17\/01\/2014\/provvedimenti-giunta-sardegna--housing-sociale-via-libera-contratto-con-societa-di-gestione"},"modified":"2014-01-17T17:20:46","modified_gmt":"2014-01-17T16:20:46","slug":"provvedimenti-giunta-sardegna-housing-sociale-via-libera-contratto-con-societa-di-gestione","status":"publish","type":"post","link":"https:\/\/www.cronacaonline.it\/index.php\/2014\/01\/17\/provvedimenti-giunta-sardegna-housing-sociale-via-libera-contratto-con-societa-di-gestione\/","title":{"rendered":"Provvedimenti Giunta Sardegna- Housing sociale, via libera contratto con societ\u00e0 di gestione"},"content":{"rendered":"<p>Oggi a Cagliari \u00e8 stata dato il via libera alla stipula del contratto tra la Regione e la societ\u00e0 di gestione del fondo immobiliare di housing sociale vincitrice della gara. La Giunta, nella seduta di oggi, su proposta dell\u2019assessore dei Lavori pubblici, Angela Nonnis, ha approvato la delibera che d\u00e0 mandato all\u2019assessorato di procedere alla sigla dell\u2019atto con la Torre Sgr Spa.<\/p>\n<p>\u201cSiamo arrivati al passaggio finale dell\u2019intervento - ha detto Nonnis - dopodich\u00e9 la societ\u00e0 aggiudicataria del servizio dovr\u00e0 istituire e amministrare un fondo immobiliare minimo di 30 milioni di euro per la realizzazione dei progetti di edilizia sociale\u201d.<\/p>\n<p>L\u2019obiettivo \u00e8 di consentire a giovani coppie, anziani, studenti, l\u2019accesso all\u2019affitto o all\u2019acquisto della prima casa, a prezzi pi\u00f9 agevoli rispetto a quelli attuali di mercato, costruendo abitazioni nel rispetto dell\u2019ambiente e a basso consumo del territorio. La Regione partecipa alla costituzione del fondo immobiliare con 12 milioni di euro. E\u2019 previsto il coinvolgimento di privati, fondazioni, operatori, banche e altri enti pubblici per moltiplicare le risorse disponibili. Com<\/p>\n","protected":false},"excerpt":{"rendered":"<p>Oggi a Cagliari \u00e8 stata dato il via libera alla stipula del contratto tra la Regione e la societ\u00e0 di gestione del fondo immobiliare di&#8230;<\/p>\n","protected":false},"author":2,"featured_media":0,"comment_status":"closed","ping_status":"closed","sticky":false,"template":"","format":"standard","meta":[],"categories":[49],"tags":[],"_links":{"self":[{"href":"https:\/\/www.cronacaonline.it\/index.php\/wp-json\/wp\/v2\/posts\/109481"}],"collection":[{"href":"https:\/\/www.cronacaonline.it\/index.php\/wp-json\/wp\/v2\/posts"}],"about":[{"href":"https:\/\/www.cronacaonline.it\/index.php\/wp-json\/wp\/v2\/types\/post"}],"author":[{"embeddable":true,"href":"https:\/\/www.cronacaonline.it\/index.php\/wp-json\/wp\/v2\/users\/2"}],"replies":[{"embeddable":true,"href":"https:\/\/www.cronacaonline.it\/index.php\/wp-json\/wp\/v2\/comments?post=109481"}],"version-history":[{"count":0,"href":"https:\/\/www.cronacaonline.it\/index.php\/wp-json\/wp\/v2\/posts\/109481\/revisions"}],"wp:attachment":[{"href":"https:\/\/www.cronacaonline.it\/index.php\/wp-json\/wp\/v2\/media?parent=109481"}],"wp:term":[{"taxonomy":"category","embeddable":true,"href":"https:\/\/www.cronacaonline.it\/index.php\/wp-json\/wp\/v2\/categories?post=109481"},{"taxonomy":"post_tag","embeddable":true,"href":"https:\/\/www.cronacaonline.it\/index.php\/wp-json\/wp\/v2\/tags?post=109481"}],"curies":[{"name":"wp","href":"https:\/\/api.w.org\/{rel}","templated":true}]}}