{"id":109478,"date":"2014-01-22T17:20:46","date_gmt":"2014-01-22T16:20:46","guid":{"rendered":"http:\/\/www.cronacaonline.it\/public\/content\/index.php\/22\/01\/2014\/sanita-de-francisci-ospedale-civile-cagliari-non-sara-abbandonato-presto-conferenza-di-servizi"},"modified":"2014-01-22T17:20:46","modified_gmt":"2014-01-22T16:20:46","slug":"sanita-de-francisci-ospedale-civile-cagliari-non-sara-abbandonato-presto-conferenza-di-servizi","status":"publish","type":"post","link":"https:\/\/www.cronacaonline.it\/index.php\/2014\/01\/22\/sanita-de-francisci-ospedale-civile-cagliari-non-sara-abbandonato-presto-conferenza-di-servizi\/","title":{"rendered":"Sanit\u00e0: De Francisci, ospedale civile Cagliari non sar\u00e0 abbandonato. Presto conferenza di servizi"},"content":{"rendered":"<p>\u201cL\u2019ospedale San Giovanni di Dio di Cagliari non sar\u00e0 abbandonato e conserver\u00e0 la sua vocazione sanitaria. Presto sar\u00e0 convocata una conferenza di servizi tra tutti i soggetti che hanno competenza per discutere sul futuro dello storico presidio sanitario del capoluogo sardo\u201d. La rassicurazione arriva dall\u2019assessore della Sanit\u00e0 Simona De Francisci, che conferma l\u2019intenzione della Regione di trasformare il polo realizzato dall\u2019architetto Gaetano Cima nel 1844 in un centro geriatrico e in una Casa della salute, nell\u2019ambito della territorializzazione dei servizi sanitari portata avanti in questi anni dalla Giunta regionale. Un dibattito di attualit\u00e0, anche in vista dell\u2019imminente trasloco dei reparti nei nuovi Blocchi del Policlinico universitario di Monserrato.<\/p>\n<p>\u201cConvocheremo una conferenza - annuncia l\u2019assessore - con l\u2019Universit\u00e0 di Cagliari, l\u2019Azienda ospedaliero-universitaria e il Comune per discutere insieme i progetti per un\u2019adeguata valorizzazione della struttura. Noi come Regione rilanceremo l\u2019idea di ubicare al San Giovanni un Centro di specializzazione geriatrica, considerato anche il tipo di utenza della zona. In pi\u00f9, pensiamo di farlo diventare il poliambulatorio di Cagliari\u201d.<\/p>\n<p>L\u2019assessore interviene poi sulle perplessit\u00e0 avanzate da alcuni cittadini, preoccupati per il trasferimento dei reparti al Policlinico: \u201cCapisco i loro timori \u2013 sottolinea De Francisci - ma dopo oltre 150 anni di onorata carriera l\u2019ospedale civile non \u00e8 pi\u00f9 in grado di garantire standard di sicurezza adeguati, n\u00e9 per i pazienti n\u00e9 per il personale che ci lavora. Ricordo anche che nel centro di Cagliari opera comunque il Santissima Trinit\u00e0, che assieme alla Asl 8 stiamo potenziando e in questi anni abbiamo riqualificato. Dunque il capoluogo continuer\u00e0 ad avere tutti i servizi sanitari, dal pronto soccorso fino alla Geriatria\u201d.<\/p>\n<p>Tutte le informazioni sull\u2019ospedale San Giovanni di Dio sono consultabili sempre on line nel sito dell\u2019Azienda ospedaliero-universitaria di Cagliari, <A href=\"http:\/\/www.aoucagliari.it\">www.aoucagliari.it<\/A> . <\/p>\n","protected":false},"excerpt":{"rendered":"<p>\u201cL\u2019ospedale San Giovanni di Dio di Cagliari non sar\u00e0 abbandonato e conserver\u00e0 la sua vocazione sanitaria. Presto sar\u00e0 convocata una conferenza di servizi tra tutti&#8230;<\/p>\n","protected":false},"author":2,"featured_media":0,"comment_status":"closed","ping_status":"closed","sticky":false,"template":"","format":"standard","meta":[],"categories":[49],"tags":[],"_links":{"self":[{"href":"https:\/\/www.cronacaonline.it\/index.php\/wp-json\/wp\/v2\/posts\/109478"}],"collection":[{"href":"https:\/\/www.cronacaonline.it\/index.php\/wp-json\/wp\/v2\/posts"}],"about":[{"href":"https:\/\/www.cronacaonline.it\/index.php\/wp-json\/wp\/v2\/types\/post"}],"author":[{"embeddable":true,"href":"https:\/\/www.cronacaonline.it\/index.php\/wp-json\/wp\/v2\/users\/2"}],"replies":[{"embeddable":true,"href":"https:\/\/www.cronacaonline.it\/index.php\/wp-json\/wp\/v2\/comments?post=109478"}],"version-history":[{"count":0,"href":"https:\/\/www.cronacaonline.it\/index.php\/wp-json\/wp\/v2\/posts\/109478\/revisions"}],"wp:attachment":[{"href":"https:\/\/www.cronacaonline.it\/index.php\/wp-json\/wp\/v2\/media?parent=109478"}],"wp:term":[{"taxonomy":"category","embeddable":true,"href":"https:\/\/www.cronacaonline.it\/index.php\/wp-json\/wp\/v2\/categories?post=109478"},{"taxonomy":"post_tag","embeddable":true,"href":"https:\/\/www.cronacaonline.it\/index.php\/wp-json\/wp\/v2\/tags?post=109478"}],"curies":[{"name":"wp","href":"https:\/\/api.w.org\/{rel}","templated":true}]}}