{"id":109421,"date":"2014-01-14T17:20:46","date_gmt":"2014-01-14T16:20:46","guid":{"rendered":"http:\/\/www.cronacaonline.it\/public\/content\/index.php\/14\/01\/2014\/pregiudicato-cagliaritano-arrestato-per-tentato-furto-in-abitazione-in-concorso"},"modified":"2014-01-14T17:20:46","modified_gmt":"2014-01-14T16:20:46","slug":"pregiudicato-cagliaritano-arrestato-per-tentato-furto-in-abitazione-in-concorso","status":"publish","type":"post","link":"https:\/\/www.cronacaonline.it\/index.php\/2014\/01\/14\/pregiudicato-cagliaritano-arrestato-per-tentato-furto-in-abitazione-in-concorso\/","title":{"rendered":"Pregiudicato Cagliaritano arrestato per tentato furto in abitazione in concorso."},"content":{"rendered":"<p>Gli agenti della Squadra Volanti della Questura di Cagliari hanno arrestato ieri, Massimo Pias, di 49 anni, del capoluogo, con vari precedenti penali.<\/p>\n<p>Intorno alle ore 12.00 di ieri, durante gli ordinari servizi di controllo del territorio, ulteriormente intensificati dal nuovo Questore Dispenza, un equipaggio della Squadra Volanti su disposizione del Centro Operativo, \u00e8 intervenuto in via Santa Rosalia nel popoloso quartiere di Pirri, dove era stata segnalata la presenza di persone con atteggiamento sospetto nei pressi di un\u2019abitazione.<\/p>\n<p>I poliziotti, giunti sul posto, hanno preso contatto con il richiedente che ha riferito che la propria figlia, che si trovava in casa da sola, lo aveva contattato telefonicamente spaventata perch\u00e9 aveva sentito dei rumori sospetti provenire dal terrazzo e aveva notato due persone fuggire dopo aver tentato di aprire la porta di ingresso.<\/p>\n<p>Uno dei due, corrispondente alle descrizioni fornite dalla giovane, \u00e8 stato bloccato dagli agenti pochi metri dopo ancora agitato, ansimante e sudato. Pias quindi \u00e8 stato identificato, sottoposto a perquisizione \u00e8 trovato in possesso di un tagliavetro con punta diamantata.<\/p>\n<p>Gli operatori hanno accertato inoltre che l\u2019arrestato, poco prima, si era introdotto nell\u2019abitazione adiacente quella del richiedente, verificando che il cancello di ingresso era stato aperto, che una porta-finestra presentava il vetro rotto, la serratura forzata e che la stanza era completamente a soqquadro.<\/p>\n<p>Il pregiudicato dopo il fermo \u00e8 stato accompagnato negli uffici della Questura dove dopo le formalit\u00e0 di legge \u00e8 stato dichiarato in arresto e, su disposizione del P.M. di turno, accompagnato presso la propria abitazione, dove rimarr\u00e0 in regime di arresti domiciliari, nell\u2019attesa del rito direttissimo previsto per oggi.<\/p>\n","protected":false},"excerpt":{"rendered":"<p>Gli agenti della Squadra Volanti della Questura di Cagliari hanno arrestato ieri, Massimo Pias, di 49 anni, del capoluogo, con vari precedenti penali. Intorno alle&#8230;<\/p>\n","protected":false},"author":2,"featured_media":0,"comment_status":"closed","ping_status":"closed","sticky":false,"template":"","format":"standard","meta":[],"categories":[49],"tags":[],"_links":{"self":[{"href":"https:\/\/www.cronacaonline.it\/index.php\/wp-json\/wp\/v2\/posts\/109421"}],"collection":[{"href":"https:\/\/www.cronacaonline.it\/index.php\/wp-json\/wp\/v2\/posts"}],"about":[{"href":"https:\/\/www.cronacaonline.it\/index.php\/wp-json\/wp\/v2\/types\/post"}],"author":[{"embeddable":true,"href":"https:\/\/www.cronacaonline.it\/index.php\/wp-json\/wp\/v2\/users\/2"}],"replies":[{"embeddable":true,"href":"https:\/\/www.cronacaonline.it\/index.php\/wp-json\/wp\/v2\/comments?post=109421"}],"version-history":[{"count":0,"href":"https:\/\/www.cronacaonline.it\/index.php\/wp-json\/wp\/v2\/posts\/109421\/revisions"}],"wp:attachment":[{"href":"https:\/\/www.cronacaonline.it\/index.php\/wp-json\/wp\/v2\/media?parent=109421"}],"wp:term":[{"taxonomy":"category","embeddable":true,"href":"https:\/\/www.cronacaonline.it\/index.php\/wp-json\/wp\/v2\/categories?post=109421"},{"taxonomy":"post_tag","embeddable":true,"href":"https:\/\/www.cronacaonline.it\/index.php\/wp-json\/wp\/v2\/tags?post=109421"}],"curies":[{"name":"wp","href":"https:\/\/api.w.org\/{rel}","templated":true}]}}