{"id":109375,"date":"2014-01-07T17:20:46","date_gmt":"2014-01-07T16:20:46","guid":{"rendered":"http:\/\/www.cronacaonline.it\/public\/content\/index.php\/07\/01\/2014\/notte-tranquilla-per-bersani-la-prognosi-resta-riservata"},"modified":"2014-01-07T17:20:46","modified_gmt":"2014-01-07T16:20:46","slug":"notte-tranquilla-per-bersani-la-prognosi-resta-riservata","status":"publish","type":"post","link":"https:\/\/www.cronacaonline.it\/index.php\/2014\/01\/07\/notte-tranquilla-per-bersani-la-prognosi-resta-riservata\/","title":{"rendered":"Notte tranquilla per Bersani, la prognosi resta riservata"},"content":{"rendered":"<p>Pier Luigi Bersani ha passato una notte tranquilla e il suo decorso post-operatorio procede regolarmente. L'ex segretario del Pd \u00e8 ricoverato da due giorni nel reparto di rianimazione dell'ospedale Maggiore di Parma dopo il malore di domenica e l'intervento chirurgico d'urgenza. Fonti ospedaliere aggiungono che i parametri sono nella norma e che la prognosi resta riservata. Il prossimo bollettino medico \u00e8 previsto per oggi pomeriggio alle 15.30.<\/p>\n<p>\"Non si pu\u00f2 dire salutista, ma \u00e8 una roccia\" \"Lui \u00e8 fatto cos\u00ec, mica lo si pu\u00f2 tener fermo. Non si pu\u00f2 dire che sia un salutista, per\u00f2 mi risulta che ogni tanto ascolti i miei consigli da medico di farsi qualche piccolo controllo: certo, d'ora in poi, qualcosa dovr\u00e0 cambiare\". A raccontarlo, in un colloquio con il Corriere della Sera, \u00e8 Mauro Bersani, il fratello medico dell'ex segretario Pd. \"Diciamo che un ictus pu\u00f2 capitare a chiunque, ognuno di noi si porta dentro fragilit\u00e0 che non conosce\", spiega. Di sicuro, sottolinea in un'altra intervista a Repubblica, \"le ultime vicende non lo hanno certo aiutato, anche se lui \u00e8 abituato da sempre alle tensioni\". Ecco perch\u00e9, evidenzia, \"non voglio incolpare nessuno: anche l'infortunio fa parte del mestiere, e Pierluigi il mestiere di politico se lo \u00e8 scelto\".<BR>Ora, spiega il fratello dell\u2019ex leader del Pd, \"dovremo aspettare ancora non pochi giorni, prima di conoscere il futuro di Pierluigi. Ma gi\u00e0 oggi si pu\u00f2 dire che siamo di fronte a un caso di buona sanit\u00e0. E non solo perch\u00e9 il malato si chiama Pierluigi Bersani\".<\/p>\n<p>Parlando al Messaggero il fratello Mauro ricorda come \"una trentina di anni fa un nostro cugino, Fausto, mor\u00ec proprio per colpa di un aneurisma. A Pierluigi pare che le cose stiano andando meglio. Anche perch\u00e9 lui \u00e8 una roccia, evidentemente tanto tempo passato a far politica lo ha temprato\u201d.<\/p>\n","protected":false},"excerpt":{"rendered":"<p>Pier Luigi Bersani ha passato una notte tranquilla e il suo decorso post-operatorio procede regolarmente. L&#8217;ex segretario del Pd \u00e8 ricoverato da due giorni nel&#8230;<\/p>\n","protected":false},"author":2,"featured_media":0,"comment_status":"closed","ping_status":"closed","sticky":false,"template":"","format":"standard","meta":[],"categories":[49],"tags":[],"_links":{"self":[{"href":"https:\/\/www.cronacaonline.it\/index.php\/wp-json\/wp\/v2\/posts\/109375"}],"collection":[{"href":"https:\/\/www.cronacaonline.it\/index.php\/wp-json\/wp\/v2\/posts"}],"about":[{"href":"https:\/\/www.cronacaonline.it\/index.php\/wp-json\/wp\/v2\/types\/post"}],"author":[{"embeddable":true,"href":"https:\/\/www.cronacaonline.it\/index.php\/wp-json\/wp\/v2\/users\/2"}],"replies":[{"embeddable":true,"href":"https:\/\/www.cronacaonline.it\/index.php\/wp-json\/wp\/v2\/comments?post=109375"}],"version-history":[{"count":0,"href":"https:\/\/www.cronacaonline.it\/index.php\/wp-json\/wp\/v2\/posts\/109375\/revisions"}],"wp:attachment":[{"href":"https:\/\/www.cronacaonline.it\/index.php\/wp-json\/wp\/v2\/media?parent=109375"}],"wp:term":[{"taxonomy":"category","embeddable":true,"href":"https:\/\/www.cronacaonline.it\/index.php\/wp-json\/wp\/v2\/categories?post=109375"},{"taxonomy":"post_tag","embeddable":true,"href":"https:\/\/www.cronacaonline.it\/index.php\/wp-json\/wp\/v2\/tags?post=109375"}],"curies":[{"name":"wp","href":"https:\/\/api.w.org\/{rel}","templated":true}]}}