{"id":109342,"date":"2014-01-09T17:20:46","date_gmt":"2014-01-09T16:20:46","guid":{"rendered":"http:\/\/www.cronacaonline.it\/public\/content\/index.php\/09\/01\/2014\/vice-questore-aggiunto-della-ps-giacinto-mattera-nuovo-dirigente-della-sezione-di-polizia-stradale-di-sassari"},"modified":"2014-01-09T17:20:46","modified_gmt":"2014-01-09T16:20:46","slug":"vice-questore-aggiunto-della-ps-giacinto-mattera-nuovo-dirigente-della-sezione-di-polizia-stradale-di-sassari","status":"publish","type":"post","link":"https:\/\/www.cronacaonline.it\/index.php\/2014\/01\/09\/vice-questore-aggiunto-della-ps-giacinto-mattera-nuovo-dirigente-della-sezione-di-polizia-stradale-di-sassari\/","title":{"rendered":"Vice Questore Aggiunto della P.S. Giacinto Mattera, Nuovo dirigente della Sezione di Polizia Stradale di Sassari."},"content":{"rendered":"<p>Ieri 8 gennaio si \u00e8 insediato il nuovo Dirigente della Sezione di Polizia Stradale di Sassari, il Vice Questore Aggiunto della Polizia di Stato, Giacinto Mattera.<\/p>\n<p>Nato a Milano, 46 anni, proviene dalla Questura di Cagliari dove ha diretto l\u2019Ufficio Immigrazione ed in ultimo, dal 2009, il Commissariato di Pubblica Sicurezza di Quartu Sant\u2019Elena.<\/p>\n<p>Mattera ha gi\u00e0 incontrato il personale della Sezione di Sassari, il Questore e tutti i funzionari della Questura e nei prossimi giorni, incontrer\u00e0 tutte le altre autorit\u00e0 civili e militari del capoluogo e delle citt\u00e0 di Olbia, Tempio Pausania ed Ozieri ove sono presenti i Distaccamenti di Polizia Stradale.<BR><\/p>\n","protected":false},"excerpt":{"rendered":"<p>Ieri 8 gennaio si \u00e8 insediato il nuovo Dirigente della Sezione di Polizia Stradale di Sassari, il Vice Questore Aggiunto della Polizia di Stato, Giacinto&#8230;<\/p>\n","protected":false},"author":2,"featured_media":0,"comment_status":"closed","ping_status":"closed","sticky":false,"template":"","format":"standard","meta":[],"categories":[49],"tags":[],"_links":{"self":[{"href":"https:\/\/www.cronacaonline.it\/index.php\/wp-json\/wp\/v2\/posts\/109342"}],"collection":[{"href":"https:\/\/www.cronacaonline.it\/index.php\/wp-json\/wp\/v2\/posts"}],"about":[{"href":"https:\/\/www.cronacaonline.it\/index.php\/wp-json\/wp\/v2\/types\/post"}],"author":[{"embeddable":true,"href":"https:\/\/www.cronacaonline.it\/index.php\/wp-json\/wp\/v2\/users\/2"}],"replies":[{"embeddable":true,"href":"https:\/\/www.cronacaonline.it\/index.php\/wp-json\/wp\/v2\/comments?post=109342"}],"version-history":[{"count":0,"href":"https:\/\/www.cronacaonline.it\/index.php\/wp-json\/wp\/v2\/posts\/109342\/revisions"}],"wp:attachment":[{"href":"https:\/\/www.cronacaonline.it\/index.php\/wp-json\/wp\/v2\/media?parent=109342"}],"wp:term":[{"taxonomy":"category","embeddable":true,"href":"https:\/\/www.cronacaonline.it\/index.php\/wp-json\/wp\/v2\/categories?post=109342"},{"taxonomy":"post_tag","embeddable":true,"href":"https:\/\/www.cronacaonline.it\/index.php\/wp-json\/wp\/v2\/tags?post=109342"}],"curies":[{"name":"wp","href":"https:\/\/api.w.org\/{rel}","templated":true}]}}