{"id":109329,"date":"2014-01-27T17:20:46","date_gmt":"2014-01-27T16:20:46","guid":{"rendered":"http:\/\/www.cronacaonline.it\/public\/content\/index.php\/27\/01\/2014\/nunzia-de-girolamo-si-dimette-da-ministro-perche-il-governo-non-ha-difeso-la-mia-onorabilita"},"modified":"2014-01-27T17:20:46","modified_gmt":"2014-01-27T16:20:46","slug":"nunzia-de-girolamo-si-dimette-da-ministro-perche-il-governo-non-ha-difeso-la-mia-onorabilita","status":"publish","type":"post","link":"https:\/\/www.cronacaonline.it\/index.php\/2014\/01\/27\/nunzia-de-girolamo-si-dimette-da-ministro-perche-il-governo-non-ha-difeso-la-mia-onorabilita\/","title":{"rendered":"Nunzia De Girolamo si dimette da ministro perch\u00e9 il Governo non ha difeso la mia onorabilit\u00e0"},"content":{"rendered":"<p>Dopo le polemiche per l'inchiesta sulla Asl di Benevento, arrivano le dimissioni di Nunzia De Girolamo da ministro delle Politiche agricole. <\/p>\n<p>A comunicarlo \u00e8 la stessa De Girolamo con una nota in cui scrive: \"L'ho deciso per la mia dignit\u00e0: \u00e8 la cosa pi\u00f9 importante che ho e la voglio salvaguardare a qualunque costo. Ho deciso di lasciare un ministero e di lasciare un governo perch\u00e9 la mia dignit\u00e0 vale pi\u00f9 di tutto questo ed \u00e8 stata offesa da chi sa che non ho fatto nulla e avrebbe dovuto spiegare perch\u00e9 era suo dovere prima morale e poi politico. Non posso restare in un governo che non ha difeso la mia onorabilit\u00e0.\" <\/p>\n","protected":false},"excerpt":{"rendered":"<p>Dopo le polemiche per l&#8217;inchiesta sulla Asl di Benevento, arrivano le dimissioni di Nunzia De Girolamo da ministro delle Politiche agricole. A comunicarlo \u00e8 la&#8230;<\/p>\n","protected":false},"author":2,"featured_media":0,"comment_status":"closed","ping_status":"closed","sticky":false,"template":"","format":"standard","meta":[],"categories":[49],"tags":[],"_links":{"self":[{"href":"https:\/\/www.cronacaonline.it\/index.php\/wp-json\/wp\/v2\/posts\/109329"}],"collection":[{"href":"https:\/\/www.cronacaonline.it\/index.php\/wp-json\/wp\/v2\/posts"}],"about":[{"href":"https:\/\/www.cronacaonline.it\/index.php\/wp-json\/wp\/v2\/types\/post"}],"author":[{"embeddable":true,"href":"https:\/\/www.cronacaonline.it\/index.php\/wp-json\/wp\/v2\/users\/2"}],"replies":[{"embeddable":true,"href":"https:\/\/www.cronacaonline.it\/index.php\/wp-json\/wp\/v2\/comments?post=109329"}],"version-history":[{"count":0,"href":"https:\/\/www.cronacaonline.it\/index.php\/wp-json\/wp\/v2\/posts\/109329\/revisions"}],"wp:attachment":[{"href":"https:\/\/www.cronacaonline.it\/index.php\/wp-json\/wp\/v2\/media?parent=109329"}],"wp:term":[{"taxonomy":"category","embeddable":true,"href":"https:\/\/www.cronacaonline.it\/index.php\/wp-json\/wp\/v2\/categories?post=109329"},{"taxonomy":"post_tag","embeddable":true,"href":"https:\/\/www.cronacaonline.it\/index.php\/wp-json\/wp\/v2\/tags?post=109329"}],"curies":[{"name":"wp","href":"https:\/\/api.w.org\/{rel}","templated":true}]}}