{"id":109324,"date":"2014-01-17T17:20:46","date_gmt":"2014-01-17T16:20:46","guid":{"rendered":"http:\/\/www.cronacaonline.it\/public\/content\/index.php\/17\/01\/2014\/in-manette-cagliaritano-pregiudicato-per-maltrattamenti-in-famiglia"},"modified":"2014-01-17T17:20:46","modified_gmt":"2014-01-17T16:20:46","slug":"in-manette-cagliaritano-pregiudicato-per-maltrattamenti-in-famiglia","status":"publish","type":"post","link":"https:\/\/www.cronacaonline.it\/index.php\/2014\/01\/17\/in-manette-cagliaritano-pregiudicato-per-maltrattamenti-in-famiglia\/","title":{"rendered":"In manette cagliaritano pregiudicato per maltrattamenti in famiglia."},"content":{"rendered":"<p>Gli agenti della Squadra Volanti della Questura di Cagliari, hanno arrestato M.A., 40 anni, cagliaritano, con precedenti penali per maltrattamenti in famiglia<\/p>\n<p>Nella tarda serata di ieri \u00e8 pervenuta sulla linea 113 la richiesta di aiuto di una donna che riferiva che il proprio figlio alcolizzato, in preda ad un impeto d\u2019ira, aveva minacciato lei, il marito ed i vicini con atteggiamento aggressivo e violento.<\/p>\n<p>Il Centro Operativo della Questura ha inviato immediatamente due equipaggi delle Volanti che sul posto hanno preso contatto con la donna. La poveretta ha poi riferito che il proprio figlio, rincasato poco prima visibilmente ubriaco vedendo la madre ha iniziato a inveirgli contro costringendola a rifugiarsi presso l\u2019abitazione dei vicini. Il figlio ha cercato di convincerla rientrare in casa ma una volta dentro ha ripreso a battere con i pugni i muri divisori urlando e minacciando anche i vicini di azioni ritorsive.<\/p>\n<p>Per cercare di calmare l\u2019uomo \u00e8 intervenuto il padre, che si trovava nella camera da letto. Il tentativo \u00e8 risultato per\u00f2 del tutto inutile. Nel frattempo sono giunti in soccorso gli Agenti che hanno cercato di far ragionare l\u2019uomo, ma anche il loro tentativo non \u00e8 andato a buon fine, lo hanno bloccato e messo in condizioni di non nuocere.<\/p>\n<p>Nonostante il fermo intervento degli operatori, l\u2019uomo ha continuato con le minacce e gli insulti tanto che i genitori hanno deciso di sporgere denuncia per maltrattamenti.<\/p>\n<p>Il giovane non \u00e8 nuovo a questi comportamenti e nel recente passato si sono verificati analoghi episodi di violenza per i quali gli anziani genitori sono stati costretti a chiudersi all\u2019interno della propria camera da letto per salvaguardare la loro incolumit\u00e0 e per i quali sono stati operati diversi interventi da parte della Polizia di Stato.<\/p>\n<p>Accompagnato negli uffici della Questura, al termine degli accertamenti di rito \u00e8 stato tratto in arresto per il reato di maltrattamenti in famiglia.<BR>Dell\u2019arresto \u00e8 stata infine data comunicazione al P.M. di turno, il quale ha disposto che fosse accompagnato e rinchiuso nel carcere cittadino di Buoncammino dove rimarr\u00e0 a disposizione dell\u2019A.G.<BR><\/p>\n","protected":false},"excerpt":{"rendered":"<p>Gli agenti della Squadra Volanti della Questura di Cagliari, hanno arrestato M.A., 40 anni, cagliaritano, con precedenti penali per maltrattamenti in famiglia Nella tarda serata&#8230;<\/p>\n","protected":false},"author":2,"featured_media":0,"comment_status":"closed","ping_status":"closed","sticky":false,"template":"","format":"standard","meta":[],"categories":[49],"tags":[],"_links":{"self":[{"href":"https:\/\/www.cronacaonline.it\/index.php\/wp-json\/wp\/v2\/posts\/109324"}],"collection":[{"href":"https:\/\/www.cronacaonline.it\/index.php\/wp-json\/wp\/v2\/posts"}],"about":[{"href":"https:\/\/www.cronacaonline.it\/index.php\/wp-json\/wp\/v2\/types\/post"}],"author":[{"embeddable":true,"href":"https:\/\/www.cronacaonline.it\/index.php\/wp-json\/wp\/v2\/users\/2"}],"replies":[{"embeddable":true,"href":"https:\/\/www.cronacaonline.it\/index.php\/wp-json\/wp\/v2\/comments?post=109324"}],"version-history":[{"count":0,"href":"https:\/\/www.cronacaonline.it\/index.php\/wp-json\/wp\/v2\/posts\/109324\/revisions"}],"wp:attachment":[{"href":"https:\/\/www.cronacaonline.it\/index.php\/wp-json\/wp\/v2\/media?parent=109324"}],"wp:term":[{"taxonomy":"category","embeddable":true,"href":"https:\/\/www.cronacaonline.it\/index.php\/wp-json\/wp\/v2\/categories?post=109324"},{"taxonomy":"post_tag","embeddable":true,"href":"https:\/\/www.cronacaonline.it\/index.php\/wp-json\/wp\/v2\/tags?post=109324"}],"curies":[{"name":"wp","href":"https:\/\/api.w.org\/{rel}","templated":true}]}}