{"id":109312,"date":"2014-01-10T17:20:46","date_gmt":"2014-01-10T16:20:46","guid":{"rendered":"http:\/\/www.cronacaonline.it\/public\/content\/index.php\/10\/01\/2014\/riformatori---finanziaria-grande-soddisfazione-per-nuova-norma-sulle-accise"},"modified":"2014-01-10T17:20:46","modified_gmt":"2014-01-10T16:20:46","slug":"riformatori-finanziaria-grande-soddisfazione-per-nuova-norma-sulle-accise","status":"publish","type":"post","link":"https:\/\/www.cronacaonline.it\/index.php\/2014\/01\/10\/riformatori-finanziaria-grande-soddisfazione-per-nuova-norma-sulle-accise\/","title":{"rendered":"Riformatori &#8211; Finanziaria, grande soddisfazione per nuova norma sulle accise"},"content":{"rendered":"<p>\u201cIl gruppo consiliare dei Riformatori Sardi \u2013 Liberaldemocratici esprime grande soddisfazione per lo storico risultato ottenuto ieri dalla Commissione Bilancio con l\u2019approvazione all\u2019unanimit\u00e0 della norma, inserita in finanziaria, che impone il pagamento in Sardegna delle accise sui carburanti prodotti nell\u2019Isola\u201d, dichiara il capogruppo dei Riformatori in Consiglio regionale, Attilio Dedoni.<\/p>\n<p>\u201cQuella sul versamento delle accise nella sede di produzione anzich\u00e9 in quella di commercializzazione \u00e8 una rivendicazione storica dei Riformatori, che si inserisce nella pi\u00f9 ampia battaglia per il taglio delle accise sui carburanti in Sardegna\u201d, spiega Dedoni. \u201cIeri, grazie alla condivisione di tutte le forze politiche rappresentate in Commissione Bilancio, si \u00e8 ottenuto un primo risultato che rafforza la nostra determinazione affinch\u00e9 si porti avanti la proposta di legge nazionale per il taglio delle accise sui carburanti e sui combustibili per il riscaldamento\u201d.<\/p>\n<p>\u201cLa battaglia sulle accise \u00e8 di fondamentale importanza per lo sviluppo economico dell\u2019Isola, perch\u00e9 consentir\u00e0 da un lato di incrementare le entrate nel bilancio regionale e dall\u2019altro di ridurre sensibilmente il costo dei trasporti e dell\u2019energia per le imprese e i cittadini\u201d, conclude il capogruppo. \u201cSenza dimenticare che le agevolazioni sarebbero un risarcimento persino esiguo a fronte del carico ambientale cui la Sardegna \u00e8 sottoposta a causa della presenza sul suo territorio della pi\u00f9 grande raffineria petrolifera del Mediterraneo\u201d.<\/p>\n","protected":false},"excerpt":{"rendered":"<p>\u201cIl gruppo consiliare dei Riformatori Sardi \u2013 Liberaldemocratici esprime grande soddisfazione per lo storico risultato ottenuto ieri dalla Commissione Bilancio con l\u2019approvazione all\u2019unanimit\u00e0 della norma,&#8230;<\/p>\n","protected":false},"author":2,"featured_media":0,"comment_status":"closed","ping_status":"closed","sticky":false,"template":"","format":"standard","meta":[],"categories":[49],"tags":[],"_links":{"self":[{"href":"https:\/\/www.cronacaonline.it\/index.php\/wp-json\/wp\/v2\/posts\/109312"}],"collection":[{"href":"https:\/\/www.cronacaonline.it\/index.php\/wp-json\/wp\/v2\/posts"}],"about":[{"href":"https:\/\/www.cronacaonline.it\/index.php\/wp-json\/wp\/v2\/types\/post"}],"author":[{"embeddable":true,"href":"https:\/\/www.cronacaonline.it\/index.php\/wp-json\/wp\/v2\/users\/2"}],"replies":[{"embeddable":true,"href":"https:\/\/www.cronacaonline.it\/index.php\/wp-json\/wp\/v2\/comments?post=109312"}],"version-history":[{"count":0,"href":"https:\/\/www.cronacaonline.it\/index.php\/wp-json\/wp\/v2\/posts\/109312\/revisions"}],"wp:attachment":[{"href":"https:\/\/www.cronacaonline.it\/index.php\/wp-json\/wp\/v2\/media?parent=109312"}],"wp:term":[{"taxonomy":"category","embeddable":true,"href":"https:\/\/www.cronacaonline.it\/index.php\/wp-json\/wp\/v2\/categories?post=109312"},{"taxonomy":"post_tag","embeddable":true,"href":"https:\/\/www.cronacaonline.it\/index.php\/wp-json\/wp\/v2\/tags?post=109312"}],"curies":[{"name":"wp","href":"https:\/\/api.w.org\/{rel}","templated":true}]}}