{"id":109302,"date":"2014-01-18T17:20:46","date_gmt":"2014-01-18T16:20:46","guid":{"rendered":"http:\/\/www.cronacaonline.it\/public\/content\/index.php\/18\/01\/2014\/gdf-olbia---scoperta-piantagione-di-marijuana-un-arresto-sequestrati-15-kg-e-13-piantine"},"modified":"2014-01-18T17:20:46","modified_gmt":"2014-01-18T16:20:46","slug":"gdf-olbia-scoperta-piantagione-di-marijuana-un-arresto-sequestrati-15-kg-e-13-piantine","status":"publish","type":"post","link":"https:\/\/www.cronacaonline.it\/index.php\/2014\/01\/18\/gdf-olbia-scoperta-piantagione-di-marijuana-un-arresto-sequestrati-15-kg-e-13-piantine\/","title":{"rendered":"Gdf Olbia &#8211; Scoperta piantagione di marijuana: un arresto, sequestrati 1,5 kg e 13 piantine"},"content":{"rendered":"<p>Continua la lotta al traffico di sostanze stupefacenti in Gallura condotta dalla Guardia di Finanza di Olbia, la quale ha messo a segno un nuovo sequestro di marijuana e arrestato una persona che ne curava la coltivazione ed il successivo trasporto nell'ambito del nord Sardegna.<\/p>\n<p>Nel pomeriggio, i Baschi Verdi del Gruppo di Olbia, durante un servizio di controllo del territorio nella zona del cimitero, hanno fermato un furgone che trasportava fiori, per degli accertamenti di routine. I militari, subito insospettiti dal nervosismo dell'autista, non hanno avuto difficolt\u00e0 ad individuare, all'interno dell'abitacolo, un involucro contenente circa 100 grammi di sostanza stupefacente occultata in maniera frettolosa dietro il sedile di guida.<\/p>\n<p>Considerando le continue contraddizioni nelle dichiarazioni del conducente, i Finanzieri hanno immediatamente operato gli opportuni approfondimenti, a seguito dei quali il controllo \u00e8 stato esteso ai luoghi ove lo stesso lavora e dimora, situati rispettivamente ad Alghero e Sassari, con l'ausilio delle unit\u00e0 cinofile.<\/p>\n<p>All'interno dell'abitazione sassarese \u00e8 stata rinvenuta una piccola piantagione costituita da 13 piantine di marijuana, nonch\u00e9 ulteriori 1,5 chilogrammi circa della stessa sostanza stupefacente confezionata e gi\u00e0 pronta per essere immessa in commercio nel mercato del Nord Sardegna. Tutta la piantagione casalinga, unitamente alle attrezzature utilizzate per la coltivazione ed il confezionamento dello stupefacente, \u00e8 stata sottoposta a sequestro, cos\u00ec come l'automezzo utilizzato per il trasporto della droga fino ad Olbia.<\/p>\n<p>L'uomo che trasportava lo stupefacente, un quarantenne sassarese, titolare di una ditta florovivaistica, \u00e8 stato tratto in arresto e posto a disposizione dell'Autorit\u00e0 Giudiziaria di Tempio Pausania, mentre gli altri due individui che condividevano con lui l'abitazione, dove veniva curata la piantagione, sono stati denunciati in stato di libert\u00e0 all'Autorit\u00e0 Giudiziaria sassarese.<\/p>\n","protected":false},"excerpt":{"rendered":"<p>Continua la lotta al traffico di sostanze stupefacenti in Gallura condotta dalla Guardia di Finanza di Olbia, la quale ha messo a segno un nuovo&#8230;<\/p>\n","protected":false},"author":2,"featured_media":0,"comment_status":"closed","ping_status":"closed","sticky":false,"template":"","format":"standard","meta":[],"categories":[49],"tags":[],"_links":{"self":[{"href":"https:\/\/www.cronacaonline.it\/index.php\/wp-json\/wp\/v2\/posts\/109302"}],"collection":[{"href":"https:\/\/www.cronacaonline.it\/index.php\/wp-json\/wp\/v2\/posts"}],"about":[{"href":"https:\/\/www.cronacaonline.it\/index.php\/wp-json\/wp\/v2\/types\/post"}],"author":[{"embeddable":true,"href":"https:\/\/www.cronacaonline.it\/index.php\/wp-json\/wp\/v2\/users\/2"}],"replies":[{"embeddable":true,"href":"https:\/\/www.cronacaonline.it\/index.php\/wp-json\/wp\/v2\/comments?post=109302"}],"version-history":[{"count":0,"href":"https:\/\/www.cronacaonline.it\/index.php\/wp-json\/wp\/v2\/posts\/109302\/revisions"}],"wp:attachment":[{"href":"https:\/\/www.cronacaonline.it\/index.php\/wp-json\/wp\/v2\/media?parent=109302"}],"wp:term":[{"taxonomy":"category","embeddable":true,"href":"https:\/\/www.cronacaonline.it\/index.php\/wp-json\/wp\/v2\/categories?post=109302"},{"taxonomy":"post_tag","embeddable":true,"href":"https:\/\/www.cronacaonline.it\/index.php\/wp-json\/wp\/v2\/tags?post=109302"}],"curies":[{"name":"wp","href":"https:\/\/api.w.org\/{rel}","templated":true}]}}