{"id":109289,"date":"2014-01-17T17:20:46","date_gmt":"2014-01-17T16:20:46","guid":{"rendered":"http:\/\/www.cronacaonline.it\/public\/content\/index.php\/17\/01\/2014\/innovazione-regione-piano-servizi-e-government-a-enti-locali-cittadini-e-imprese"},"modified":"2014-01-17T17:20:46","modified_gmt":"2014-01-17T16:20:46","slug":"innovazione-regione-piano-servizi-e-government-a-enti-locali-cittadini-e-imprese","status":"publish","type":"post","link":"https:\/\/www.cronacaonline.it\/index.php\/2014\/01\/17\/innovazione-regione-piano-servizi-e-government-a-enti-locali-cittadini-e-imprese\/","title":{"rendered":"Innovazione: regione, piano servizi e-government a enti locali, cittadini e imprese"},"content":{"rendered":"<p>Via libera dalla Giunta regionale alla realizzazione di un\u2019unica rete della pubblica amministrazione sarda per dare piena e concreta attuazione al sistema informativo integrato degli Enti locali.<\/p>\n<p>Ciascun Comune \u2013 anche quelli meno popolosi ai quali viene cos\u00ec offerta l\u2019occasione di usufruire delle stesse opportunit\u00e0 e servizi al pari dei centri pi\u00f9 grandi&nbsp; - potr\u00e0 manifestare l\u2019interesse a connettersi al network regionale che punta a realizzare un processo coordinato e condiviso di digitalizzazione dell\u2019azione amministrativa, veicolando servizi in via telematica ai cittadini e alle imprese dell\u2019isola.<\/p>\n<p>Il Piano dei servizi di e-government&nbsp; - i cui criteri e modalit\u00e0 di erogazione dei servizi sono stati definiti stamane con una delibera proposta dall\u2019assessore degli Affari generali, personale e riforma della Regione, Mario Floris, di concerto con il presidente&nbsp;- \u00e8 strettamente legato al progetto Comunas che, gi\u00e0 da tempo, funziona come strumento di supporto agli Enti locali nell\u2019ambito dell\u2019innovazione tecnologica della macchina amministrativa regionale tanto da essersi qualificato, due anni fa, come uno dei migliori a livello nazionale.<\/p>\n<p>\u201cGli importanti investimenti realizzati in questi anni dalla Regione nel settore delle infrastrutture telematiche quali Banda larga, Grande progetto banda ultra larga, Data center regionale e Sistemi informativi regionali \u2013 ha sottolineato l\u2019assessore Floris \u2013 hanno consentito di raggiungere un livello di sviluppo tecnico tale da permettere alla Rete telematica regionale (RTR) di poter essere interconnessa a tutti gli enti locali del territorio, in linea con le indicazioni dell\u2019Agenda Digitale. I primi beneficiari saranno sicuramente i cittadini e le imprese perch\u00e9 potranno fruire, in tempi brevissimi, di servizi tecnologicamente pi\u00f9 avanzati ed evoluti, diventando protagonisti dei processi che accompagnano l\u2019evoluzione tecnologica allo scopo di snellire i tempi della burocrazia e abbattere il divario digitale, trasformandosi in uno strumento di sviluppo e di crescita economica\u201d.<\/p>\n<p>Gli enti richiedenti potranno usufruire da subito dei servizi Comunas, ma anche implementarne di nuovi come web conference, accesso wifi, sistemi di comunicazione multimediale, conservazione a norma e archiviazione documentale, e-learning, timbro digitale, backup e sistema documentale. <\/p>\n","protected":false},"excerpt":{"rendered":"<p>Via libera dalla Giunta regionale alla realizzazione di un\u2019unica rete della pubblica amministrazione sarda per dare piena e concreta attuazione al sistema informativo integrato degli&#8230;<\/p>\n","protected":false},"author":2,"featured_media":0,"comment_status":"closed","ping_status":"closed","sticky":false,"template":"","format":"standard","meta":[],"categories":[49],"tags":[],"_links":{"self":[{"href":"https:\/\/www.cronacaonline.it\/index.php\/wp-json\/wp\/v2\/posts\/109289"}],"collection":[{"href":"https:\/\/www.cronacaonline.it\/index.php\/wp-json\/wp\/v2\/posts"}],"about":[{"href":"https:\/\/www.cronacaonline.it\/index.php\/wp-json\/wp\/v2\/types\/post"}],"author":[{"embeddable":true,"href":"https:\/\/www.cronacaonline.it\/index.php\/wp-json\/wp\/v2\/users\/2"}],"replies":[{"embeddable":true,"href":"https:\/\/www.cronacaonline.it\/index.php\/wp-json\/wp\/v2\/comments?post=109289"}],"version-history":[{"count":0,"href":"https:\/\/www.cronacaonline.it\/index.php\/wp-json\/wp\/v2\/posts\/109289\/revisions"}],"wp:attachment":[{"href":"https:\/\/www.cronacaonline.it\/index.php\/wp-json\/wp\/v2\/media?parent=109289"}],"wp:term":[{"taxonomy":"category","embeddable":true,"href":"https:\/\/www.cronacaonline.it\/index.php\/wp-json\/wp\/v2\/categories?post=109289"},{"taxonomy":"post_tag","embeddable":true,"href":"https:\/\/www.cronacaonline.it\/index.php\/wp-json\/wp\/v2\/tags?post=109289"}],"curies":[{"name":"wp","href":"https:\/\/api.w.org\/{rel}","templated":true}]}}