{"id":109285,"date":"2014-01-27T17:20:46","date_gmt":"2014-01-27T16:20:46","guid":{"rendered":"http:\/\/www.cronacaonline.it\/public\/content\/index.php\/27\/01\/2014\/appello-a-tutti-i-parlamentari-sardi--per-eleggere-un-sardo-al-parlamento-europeo-sardegna-circoscrizione-da-sola"},"modified":"2014-01-27T17:20:46","modified_gmt":"2014-01-27T16:20:46","slug":"appello-a-tutti-i-parlamentari-sardi-per-eleggere-un-sardo-al-parlamento-europeo-sardegna-circoscrizione-da-sola","status":"publish","type":"post","link":"https:\/\/www.cronacaonline.it\/index.php\/2014\/01\/27\/appello-a-tutti-i-parlamentari-sardi-per-eleggere-un-sardo-al-parlamento-europeo-sardegna-circoscrizione-da-sola\/","title":{"rendered":"Appello a tutti i parlamentari sardi: &#8221; Per eleggere un sardo al Parlamento europeo, Sardegna circoscrizione da sola!&#8221;"},"content":{"rendered":"<p>Il deputato dei Riformatori, Pierpaolo Vargiu, rivolge un appello a tutti i parlamentari sardi a Montecitorio: \"Non perdiamo l'occasione della riforma della legge elettorale e facciamo finalmente approvare la norma che istituisce la circoscrizione Sardegna&nbsp; per le elezioni europee, distinta dalla Sicilia, in modo da smettere di eleggere parlamentari europei che non c'entrano niente con la Sardegna e con i suoi interessi vitali! \"Molti di noi -continua Vargiu- hanno presentato proposte di legge in tal senso, che rischiano di non arrivare mai alla discussione da parte dell'aula. Ora invece \u00e8' arrivato il momento di lavorare tutti insieme: non perdiamo l'occasione della riforma della legge elettorale nazionale e uniamo le nostre forze per ottenere questo obiettivo, che&nbsp; \u00e8 storico per la Sardegna!<\/p>\n<p>\u201cNoi Riformatori, che crediamo sino in fondo nell\u2019Europa politica, non solo in quella economica, sappiamo bene che \u00e8 in Europa che si gioca il futuro della Sardegna e la sua sfida di innovazione e di competitivit\u00e0. Per questo i sardi devono essere degnamente rappresentati nel Parlamento europeo gi\u00e0 dalle prossime elezioni.&nbsp; Chiederlo non \u00e8 elemosina, ma \u00e8 il riconoscimento di un nostro diritto, non facciamocelo sfuggire anche questa volta. Com<\/p>\n","protected":false},"excerpt":{"rendered":"<p>Il deputato dei Riformatori, Pierpaolo Vargiu, rivolge un appello a tutti i parlamentari sardi a Montecitorio: &#8220;Non perdiamo l&#8217;occasione della riforma della legge elettorale e&#8230;<\/p>\n","protected":false},"author":2,"featured_media":0,"comment_status":"closed","ping_status":"closed","sticky":false,"template":"","format":"standard","meta":[],"categories":[49],"tags":[],"_links":{"self":[{"href":"https:\/\/www.cronacaonline.it\/index.php\/wp-json\/wp\/v2\/posts\/109285"}],"collection":[{"href":"https:\/\/www.cronacaonline.it\/index.php\/wp-json\/wp\/v2\/posts"}],"about":[{"href":"https:\/\/www.cronacaonline.it\/index.php\/wp-json\/wp\/v2\/types\/post"}],"author":[{"embeddable":true,"href":"https:\/\/www.cronacaonline.it\/index.php\/wp-json\/wp\/v2\/users\/2"}],"replies":[{"embeddable":true,"href":"https:\/\/www.cronacaonline.it\/index.php\/wp-json\/wp\/v2\/comments?post=109285"}],"version-history":[{"count":0,"href":"https:\/\/www.cronacaonline.it\/index.php\/wp-json\/wp\/v2\/posts\/109285\/revisions"}],"wp:attachment":[{"href":"https:\/\/www.cronacaonline.it\/index.php\/wp-json\/wp\/v2\/media?parent=109285"}],"wp:term":[{"taxonomy":"category","embeddable":true,"href":"https:\/\/www.cronacaonline.it\/index.php\/wp-json\/wp\/v2\/categories?post=109285"},{"taxonomy":"post_tag","embeddable":true,"href":"https:\/\/www.cronacaonline.it\/index.php\/wp-json\/wp\/v2\/tags?post=109285"}],"curies":[{"name":"wp","href":"https:\/\/api.w.org\/{rel}","templated":true}]}}