{"id":109251,"date":"2014-01-22T17:20:46","date_gmt":"2014-01-22T16:20:46","guid":{"rendered":"http:\/\/www.cronacaonline.it\/public\/content\/index.php\/22\/01\/2014\/aldo-ceccato-ritorna-alla-guida-di-orchestra-e-coro-del-teatro-lirico-il-24-25-gennaio-per-un-concerto-straordinario-fuori-abbonamento"},"modified":"2014-01-22T17:20:46","modified_gmt":"2014-01-22T16:20:46","slug":"aldo-ceccato-ritorna-alla-guida-di-orchestra-e-coro-del-teatro-lirico-il-24-25-gennaio-per-un-concerto-straordinario-fuori-abbonamento","status":"publish","type":"post","link":"https:\/\/www.cronacaonline.it\/index.php\/2014\/01\/22\/aldo-ceccato-ritorna-alla-guida-di-orchestra-e-coro-del-teatro-lirico-il-24-25-gennaio-per-un-concerto-straordinario-fuori-abbonamento\/","title":{"rendered":"Aldo Ceccato ritorna alla guida di Orchestra e Coro del Teatro Lirico, il 24-25 gennaio, per un concerto straordinario fuori abbonamento"},"content":{"rendered":"<p>La Stagione concertistica 2014 del Teatro Lirico di Cagliari che viene inaugurata venerd\u00ec 7 e sabato 8 febbraio prossimo, gode, quest\u2019anno, di una, imperdibile, straordinaria anteprima, venerd\u00ec 24 gennaio alle 20.30 e sabato 25 gennaio alle 19: il concerto fuori abbonamento dell\u2019Orchestra e del Coro del Teatro Lirico, diretti da Aldo Ceccato, artista milanese tra i migliori interpreti del grande repertorio sinfonico che ritorna a Cagliari dopo il successo dei concerti nell\u2019ottobre 2012. Il maestro del coro \u00e8 Marco Faelli.<\/p>\n<p>Il programma musicale, di grande richiamo ed interamente dedicato alla musica russa, prevede, nella prima parte, l\u2019esecuzione della Prima Sinfonia in Re maggiore \u201cClassica\u201d op. 25 di Sergej Prokof\u2019ev (Sontsovka, governatorato di Ekaterinoslav, Ucraina, 1891 - Mosca, 1953) e la Sinfonia di salmi di Igor Stravinskij (Oranienbaum, oggi Lomonosov, 1882 - New York, 1971), mentre nella seconda parte della serata viene eseguita la Quarta Sinfonia in fa minore op. 36 di Petr Il\u2019ic &#268;ajkovskij (Kamsko-Votkinsk, governatorato di Vjatka, 1840 - San Pietroburgo, 1893).<\/p>\n<p>Composta nel 1917, la Sinfonia \u201cClassica\u201d viene eseguita, per la prima volta, sotto la direzione dell\u2019autore, a Leningrado il 21 aprile 1918, due settimane prima che Prokof\u2019ev lasci la patria per trasferirsi in America. La Classica \u00e8 opera rappresentativa e significativa di un musicista del Novecento che concilia, senza scontri drammatici, modernit\u00e0 e tradizione. La Sinfonia di salmi \u00e8 la prima, grande opera di musica sacra di Stravinskij: una monumentale pagina per coro e orchestra su testi biblici, composta nel 1930, densa di misticismo ed evocazioni alla solenne maestosit\u00e0 delle icone bizantine. &#268;ajkovskij compone la Quarta Sinfonia nel 1878, permeata da una passionalit\u00e0 romantica ed un profondo scavo psicologico fino al travolgente finale che l\u2019autore presenta come estenuata ricerca della gioia umana.<\/p>\n<p>La Stagione concertistica 2014 si avvale del contributo della Fondazione Banco di Sardegna.<\/p>\n<p>Prezzi abbonamenti: platea \u20ac 250,00 (settore giallo), \u20ac 225,00 (settore rosso), \u20ac 180,00 (settore blu); I loggia \u20ac 210,00 (settore giallo), \u20ac 180,00 (settore rosso), \u20ac 140,00 (settore blu); II loggia \u20ac 70,00 (settore giallo), \u20ac 70,00 (settore rosso), \u20ac 50,00 (settore blu).<\/p>\n<p>Il concerto straordinario fuori abbonamento del 24-25 gennaio 2014, i cui biglietti serali si potranno acquistare da luned\u00ec 20 gennaio 2014, viene offerto a tutti gli abbonati, al prezzo simbolico di \u20ac 1, che entro tali date avranno gi\u00e0 confermato o acquistato l\u2019abbonamento.<\/p>\n<p>Prezzi concerto: platea \u20ac 20; I loggia \u20ac 15; II loggia \u20ac 10.<\/p>\n<p>La Biglietteria del Teatro Lirico \u00e8 aperta dal luned\u00ec al venerd\u00ec dalle 10 alle 13 e dalle 17 alle 20, il sabato dalle 10 alle 13. Rimane chiusa la domenica e i giorni festivi.<\/p>\n","protected":false},"excerpt":{"rendered":"<p>La Stagione concertistica 2014 del Teatro Lirico di Cagliari che viene inaugurata venerd\u00ec 7 e sabato 8 febbraio prossimo, gode, quest\u2019anno, di una, imperdibile, straordinaria&#8230;<\/p>\n","protected":false},"author":2,"featured_media":0,"comment_status":"closed","ping_status":"closed","sticky":false,"template":"","format":"standard","meta":[],"categories":[49],"tags":[],"_links":{"self":[{"href":"https:\/\/www.cronacaonline.it\/index.php\/wp-json\/wp\/v2\/posts\/109251"}],"collection":[{"href":"https:\/\/www.cronacaonline.it\/index.php\/wp-json\/wp\/v2\/posts"}],"about":[{"href":"https:\/\/www.cronacaonline.it\/index.php\/wp-json\/wp\/v2\/types\/post"}],"author":[{"embeddable":true,"href":"https:\/\/www.cronacaonline.it\/index.php\/wp-json\/wp\/v2\/users\/2"}],"replies":[{"embeddable":true,"href":"https:\/\/www.cronacaonline.it\/index.php\/wp-json\/wp\/v2\/comments?post=109251"}],"version-history":[{"count":0,"href":"https:\/\/www.cronacaonline.it\/index.php\/wp-json\/wp\/v2\/posts\/109251\/revisions"}],"wp:attachment":[{"href":"https:\/\/www.cronacaonline.it\/index.php\/wp-json\/wp\/v2\/media?parent=109251"}],"wp:term":[{"taxonomy":"category","embeddable":true,"href":"https:\/\/www.cronacaonline.it\/index.php\/wp-json\/wp\/v2\/categories?post=109251"},{"taxonomy":"post_tag","embeddable":true,"href":"https:\/\/www.cronacaonline.it\/index.php\/wp-json\/wp\/v2\/tags?post=109251"}],"curies":[{"name":"wp","href":"https:\/\/api.w.org\/{rel}","templated":true}]}}