{"id":109239,"date":"2014-01-18T17:20:46","date_gmt":"2014-01-18T16:20:46","guid":{"rendered":"http:\/\/www.cronacaonline.it\/public\/content\/index.php\/18\/01\/2014\/attivita-dei-carabinieri-cella-compagnia-di-siniscola-un-arresto-per-minaccia-e-resistenza-a-pu-ed-inoltre-denunciate-altre-quattro-persone-per-guida-in-stato-di-ebbrezza"},"modified":"2014-01-18T17:20:46","modified_gmt":"2014-01-18T16:20:46","slug":"attivita-dei-carabinieri-cella-compagnia-di-siniscola-un-arresto-per-minaccia-e-resistenza-a-pu-ed-inoltre-denunciate-altre-quattro-persone-per-guida-in-stato-di-ebbrezza","status":"publish","type":"post","link":"https:\/\/www.cronacaonline.it\/index.php\/2014\/01\/18\/attivita-dei-carabinieri-cella-compagnia-di-siniscola-un-arresto-per-minaccia-e-resistenza-a-pu-ed-inoltre-denunciate-altre-quattro-persone-per-guida-in-stato-di-ebbrezza\/","title":{"rendered":"Attivit\u00e0 dei carabinieri cella Compagnia di Siniscola: un arresto per minaccia e resistenza a P.U. ed inoltre denunciate altre quattro persone per guida in stato di ebbrezza."},"content":{"rendered":"<p><P class=MsoNormal style=\"MARGIN: 0cm 0cm 0pt\">I carabinieri della compagnia di Siniscola, coordinati dal comandante Cap. Andrea Senes, hanno svolto diversi servizi mirati al contrasto delle violazioni al c.d.s. e ai fenomeni delinquenziali in genere nelle localit\u00e0 di competenza, Torp\u00e8, mettendo in campo numerose pattuglie.<\/p>\n<p>Le operazioni, alla quale hanno partecipato anche i militari della tenenza di San Teodoro, i colleghi delle stazioni di Torp\u00e8 E Siniscola, nonch\u00e9 i militari dell\u2019aliquota radiomobile, ha consentito di ottenere ottimi risultati operativi.<\/p>\n<p>Infatti, grazie <SPAN style=\"mso-spacerun: yes\">&nbsp;<\/SPAN>ad un\u2019efficace gravitazione delle forze presso le aree pi\u00f9 sensibili del territorio, le pattuglie dell\u2019Arma hanno controllato numerose autovetture ed i loro occupanti, denunciando in s.l. quattro persone sorprese alla guida delle loro autovetture in evidente stato di ebbrezza.<\/p>\n<p>Tali operazioni, inoltre, hanno portato all\u2019arresto di Giuseppe Sedda, di 54 anni originario di Ovodda ma domiciliato a Siniscola, resosi responsabile di minaccia e resistenza a Pubblico Ufficiale. L\u2019uomo, dopo aver minacciato con un coltello il gestore di un bar di Siniscola, reiterava<SPAN style=\"mso-spacerun: yes\">&nbsp; <\/SPAN>i suoi comportamenti antisociali anche nei confronti di due vigili urbani, chiamati per sedare gli animi.<\/p>\n<p>In seguito per riportare la situazione alla normalit\u00e0 \u00e8 stato quindi necessario l\u2019intervento dei cc di Siniscola che, dopo aver reso innocuo ed aver perquisito Sedda, trovato anche in possesso di altri due coltelli abusivamente detenuti, \u00e8 stato quindi condotto in caserma per le formalit\u00e0 di rito e dopo essere stato dichiarato in arresto \u00e8 stato rinchiuso nelle camere di sicurezza in attesa del rito direttissimo, dovr\u00e0 rispondere davanti al giudice di minaccia, resistenza a P.U. e porto abusivo d\u2019armi.<\/p>\n<p>Giudicato in mattinata, Sedda \u00e8 stato sottoposto alla misura degli arresti domiciliari nel comune Lula.<SPAN style=\"mso-spacerun: yes\">&nbsp; <\/SPAN><\/p>\n","protected":false},"excerpt":{"rendered":"<p>I carabinieri della compagnia di Siniscola, coordinati dal comandante Cap. Andrea Senes, hanno svolto diversi servizi mirati al contrasto delle violazioni al c.d.s. e ai&#8230;<\/p>\n","protected":false},"author":2,"featured_media":0,"comment_status":"closed","ping_status":"closed","sticky":false,"template":"","format":"standard","meta":[],"categories":[49],"tags":[],"_links":{"self":[{"href":"https:\/\/www.cronacaonline.it\/index.php\/wp-json\/wp\/v2\/posts\/109239"}],"collection":[{"href":"https:\/\/www.cronacaonline.it\/index.php\/wp-json\/wp\/v2\/posts"}],"about":[{"href":"https:\/\/www.cronacaonline.it\/index.php\/wp-json\/wp\/v2\/types\/post"}],"author":[{"embeddable":true,"href":"https:\/\/www.cronacaonline.it\/index.php\/wp-json\/wp\/v2\/users\/2"}],"replies":[{"embeddable":true,"href":"https:\/\/www.cronacaonline.it\/index.php\/wp-json\/wp\/v2\/comments?post=109239"}],"version-history":[{"count":0,"href":"https:\/\/www.cronacaonline.it\/index.php\/wp-json\/wp\/v2\/posts\/109239\/revisions"}],"wp:attachment":[{"href":"https:\/\/www.cronacaonline.it\/index.php\/wp-json\/wp\/v2\/media?parent=109239"}],"wp:term":[{"taxonomy":"category","embeddable":true,"href":"https:\/\/www.cronacaonline.it\/index.php\/wp-json\/wp\/v2\/categories?post=109239"},{"taxonomy":"post_tag","embeddable":true,"href":"https:\/\/www.cronacaonline.it\/index.php\/wp-json\/wp\/v2\/tags?post=109239"}],"curies":[{"name":"wp","href":"https:\/\/api.w.org\/{rel}","templated":true}]}}