{"id":109224,"date":"2014-01-14T17:20:46","date_gmt":"2014-01-14T16:20:46","guid":{"rendered":"http:\/\/www.cronacaonline.it\/public\/content\/index.php\/14\/01\/2014\/mobilita-nel-pubblico-impiego-approvata-norma-rivoluzionaria"},"modified":"2014-01-14T17:20:46","modified_gmt":"2014-01-14T16:20:46","slug":"mobilita-nel-pubblico-impiego-approvata-norma-rivoluzionaria","status":"publish","type":"post","link":"https:\/\/www.cronacaonline.it\/index.php\/2014\/01\/14\/mobilita-nel-pubblico-impiego-approvata-norma-rivoluzionaria\/","title":{"rendered":"Mobilit\u00e0 nel pubblico impiego, approvata norma rivoluzionaria"},"content":{"rendered":"<p>\u201cLa norma sulla mobilit\u00e0 nel pubblico impiego approvata oggi pomeriggio \u00e8 di portata rivoluzionaria per la razionalizzazione del comparto in Sardegna e consentir\u00e0 notevoli risparmi per le amministrazioni che vi faranno ricorso, oltre a permettere una gestione pi\u00f9 efficace delle professionalit\u00e0 presenti nel settore\u201d, dichiara il capogruppo dei Riformatori Sardi \u2013 Liberaldemocratici in Consiglio regionale, Attilio Dedoni, in <BR>\u201cSuperare l\u2019attuale organizzazione per compartimenti stagni significa realizzare una reale unificazione del comparto pubblico nell\u2019Isola, ottimizzando cos\u00ec la gestione del personale\u201d, sottolinea Dedoni. \u201cCon la nuova legge sar\u00e0 possibile utilizzare le risorse umane, in particolare quelle pi\u00f9 qualificate, dove realmente servono, rendendo cos\u00ec pi\u00f9 efficiente l\u2019azione della Pubblica Amministrazione ed eliminando le diseconomie causate dal sistema vigente\u201d.<\/p>\n<p>&nbsp;\u201cNon solo, perch\u00e9 la legge approvata oggi favorir\u00e0 il riavvicinamento familiare e avr\u00e0 pertanto l\u2019effetto di migliorare le condizioni lavorative e la qualit\u00e0 della vita dei dipendenti pubblici\u201d, conclude il capogruppo. \u201cIl tutto, senza spendere un euro ma anzi risparmiando sensibilmente, in linea con quell\u2019opera di razionalizzazione e di riduzione dei costi della macchina burocratica che i cittadini richiedono a gran voce e che ha caratterizzato la legislatura regionale in via di conclusione\u201d. Com<BR><\/p>\n","protected":false},"excerpt":{"rendered":"<p>\u201cLa norma sulla mobilit\u00e0 nel pubblico impiego approvata oggi pomeriggio \u00e8 di portata rivoluzionaria per la razionalizzazione del comparto in Sardegna e consentir\u00e0 notevoli risparmi&#8230;<\/p>\n","protected":false},"author":2,"featured_media":0,"comment_status":"closed","ping_status":"closed","sticky":false,"template":"","format":"standard","meta":[],"categories":[49],"tags":[],"_links":{"self":[{"href":"https:\/\/www.cronacaonline.it\/index.php\/wp-json\/wp\/v2\/posts\/109224"}],"collection":[{"href":"https:\/\/www.cronacaonline.it\/index.php\/wp-json\/wp\/v2\/posts"}],"about":[{"href":"https:\/\/www.cronacaonline.it\/index.php\/wp-json\/wp\/v2\/types\/post"}],"author":[{"embeddable":true,"href":"https:\/\/www.cronacaonline.it\/index.php\/wp-json\/wp\/v2\/users\/2"}],"replies":[{"embeddable":true,"href":"https:\/\/www.cronacaonline.it\/index.php\/wp-json\/wp\/v2\/comments?post=109224"}],"version-history":[{"count":0,"href":"https:\/\/www.cronacaonline.it\/index.php\/wp-json\/wp\/v2\/posts\/109224\/revisions"}],"wp:attachment":[{"href":"https:\/\/www.cronacaonline.it\/index.php\/wp-json\/wp\/v2\/media?parent=109224"}],"wp:term":[{"taxonomy":"category","embeddable":true,"href":"https:\/\/www.cronacaonline.it\/index.php\/wp-json\/wp\/v2\/categories?post=109224"},{"taxonomy":"post_tag","embeddable":true,"href":"https:\/\/www.cronacaonline.it\/index.php\/wp-json\/wp\/v2\/tags?post=109224"}],"curies":[{"name":"wp","href":"https:\/\/api.w.org\/{rel}","templated":true}]}}