{"id":109208,"date":"2014-01-16T17:20:46","date_gmt":"2014-01-16T16:20:46","guid":{"rendered":"http:\/\/www.cronacaonline.it\/public\/content\/index.php\/16\/01\/2014\/finanziaria---presidente-regione-sardegna-passo-importante-e-responsabile"},"modified":"2014-01-16T17:20:46","modified_gmt":"2014-01-16T16:20:46","slug":"finanziaria-presidente-regione-sardegna-passo-importante-e-responsabile","status":"publish","type":"post","link":"https:\/\/www.cronacaonline.it\/index.php\/2014\/01\/16\/finanziaria-presidente-regione-sardegna-passo-importante-e-responsabile\/","title":{"rendered":"Finanziaria &#8211; Presidente Regione Sardegna, passo importante e responsabile"},"content":{"rendered":"<p>\u201cUn passo in avanti importante, nel segno della responsabilit\u00e0\u201d. Lo afferma in una nota il presidente della Regione Sarda, in merito al via libera alla Finanziaria in Consiglio regionale.<\/p>\n<p>\u201cL\u2019approvazione - ha aggiunto - non solo consente alla Sardegna di iniziare la prossima Legislatura con una Finanziaria gi\u00e0 vigente, ma, alla luce del contributo ad abbreviare i termini giunto dalla maggioranza e dell\u2019opposizione, rappresenta un momento alto, in cui l\u2019interesse dei sardi \u00e8 stato anteposto a quello della fazione politica. Ci\u00f2 vale in particolare per i contenuti della legge che hanno carattere urgente.<\/p>\n<p>Sono questi i comportamenti - ha concluso il presidente della Sardegna - di una politica che parla meno di s\u00e9 stessa e pi\u00f9 di quanto accade fuori dalle mura del palazzo, creando le condizioni per un riavvicinamento con la comunit\u00e0 che, nel suo insieme, viene rappresentata\u201d. Com-red<\/p>\n","protected":false},"excerpt":{"rendered":"<p>\u201cUn passo in avanti importante, nel segno della responsabilit\u00e0\u201d. Lo afferma in una nota il presidente della Regione Sarda, in merito al via libera alla&#8230;<\/p>\n","protected":false},"author":2,"featured_media":0,"comment_status":"closed","ping_status":"closed","sticky":false,"template":"","format":"standard","meta":[],"categories":[49],"tags":[],"_links":{"self":[{"href":"https:\/\/www.cronacaonline.it\/index.php\/wp-json\/wp\/v2\/posts\/109208"}],"collection":[{"href":"https:\/\/www.cronacaonline.it\/index.php\/wp-json\/wp\/v2\/posts"}],"about":[{"href":"https:\/\/www.cronacaonline.it\/index.php\/wp-json\/wp\/v2\/types\/post"}],"author":[{"embeddable":true,"href":"https:\/\/www.cronacaonline.it\/index.php\/wp-json\/wp\/v2\/users\/2"}],"replies":[{"embeddable":true,"href":"https:\/\/www.cronacaonline.it\/index.php\/wp-json\/wp\/v2\/comments?post=109208"}],"version-history":[{"count":0,"href":"https:\/\/www.cronacaonline.it\/index.php\/wp-json\/wp\/v2\/posts\/109208\/revisions"}],"wp:attachment":[{"href":"https:\/\/www.cronacaonline.it\/index.php\/wp-json\/wp\/v2\/media?parent=109208"}],"wp:term":[{"taxonomy":"category","embeddable":true,"href":"https:\/\/www.cronacaonline.it\/index.php\/wp-json\/wp\/v2\/categories?post=109208"},{"taxonomy":"post_tag","embeddable":true,"href":"https:\/\/www.cronacaonline.it\/index.php\/wp-json\/wp\/v2\/tags?post=109208"}],"curies":[{"name":"wp","href":"https:\/\/api.w.org\/{rel}","templated":true}]}}