{"id":109202,"date":"2014-01-23T17:20:46","date_gmt":"2014-01-23T16:20:46","guid":{"rendered":"http:\/\/www.cronacaonline.it\/public\/content\/index.php\/23\/01\/2014\/pregiudicato-cagliaritano-in-manette-per-furto-aggravato"},"modified":"2014-01-23T17:20:46","modified_gmt":"2014-01-23T16:20:46","slug":"pregiudicato-cagliaritano-in-manette-per-furto-aggravato-2","status":"publish","type":"post","link":"https:\/\/www.cronacaonline.it\/index.php\/2014\/01\/23\/pregiudicato-cagliaritano-in-manette-per-furto-aggravato-2\/","title":{"rendered":"Pregiudicato cagliaritano in manette per furto aggravato."},"content":{"rendered":"<p>Gli agenti della Squadra Volanti della Questura di Cagliari hanno arrestato con l\u2019accusa di furto aggravato, Thomas Salis, di 34 anni, del capoluogo, con numerosi precedenti penali.<\/p>\n<p>Nella serata di ieri il Centro Operativo ha ricevuto una segnalazione, da parte del personale di un istituto di vigilanza, in merito ad un furto compiuto all\u2019interno del supermercato di Via Sant\u2019Alenixedda e che l\u2019autore era bloccato dagli stessi operatori.<\/p>\n<p>Il Centro Operativo ha inviato una Volante che, raggiunto l\u2019esercizio commerciale, ha accertato che la persona bloccata, un noto pluripregiudicato per reati contro il patrimonio, dopo essere stato notato aggirarsi tra le corsie ed occultare della merce, si \u00e8 recato alla cassa per pagare solo una bottiglia di birra.<\/p>\n<p>Oltrepassata la barriera antitaccheggio \u00e8 stato quindi bloccato in attesa della Polizia di Stato.<\/p>\n<p>La merce ancora utilizzabile, perch\u00e9 non danneggiata, \u00e8 stata restituita al responsabile del supermercato. E poi, vista, la flagranza e i precedenti specifici il Salis \u00e8 stato tratto in arresto per il reato di furto aggravato.<BR>Dell\u2019arresto \u00e8 stata data immediata comunicazione al P.M. di turno, il quale ha disposto l\u2019accompagnamento presso la propria abitazione, in regime di detenzione domiciliare, in attesa dell\u2019udienza di convalida prevista per oggi.<\/p>\n","protected":false},"excerpt":{"rendered":"<p>Gli agenti della Squadra Volanti della Questura di Cagliari hanno arrestato con l\u2019accusa di furto aggravato, Thomas Salis, di 34 anni, del capoluogo, con numerosi&#8230;<\/p>\n","protected":false},"author":2,"featured_media":0,"comment_status":"closed","ping_status":"closed","sticky":false,"template":"","format":"standard","meta":[],"categories":[49],"tags":[],"_links":{"self":[{"href":"https:\/\/www.cronacaonline.it\/index.php\/wp-json\/wp\/v2\/posts\/109202"}],"collection":[{"href":"https:\/\/www.cronacaonline.it\/index.php\/wp-json\/wp\/v2\/posts"}],"about":[{"href":"https:\/\/www.cronacaonline.it\/index.php\/wp-json\/wp\/v2\/types\/post"}],"author":[{"embeddable":true,"href":"https:\/\/www.cronacaonline.it\/index.php\/wp-json\/wp\/v2\/users\/2"}],"replies":[{"embeddable":true,"href":"https:\/\/www.cronacaonline.it\/index.php\/wp-json\/wp\/v2\/comments?post=109202"}],"version-history":[{"count":0,"href":"https:\/\/www.cronacaonline.it\/index.php\/wp-json\/wp\/v2\/posts\/109202\/revisions"}],"wp:attachment":[{"href":"https:\/\/www.cronacaonline.it\/index.php\/wp-json\/wp\/v2\/media?parent=109202"}],"wp:term":[{"taxonomy":"category","embeddable":true,"href":"https:\/\/www.cronacaonline.it\/index.php\/wp-json\/wp\/v2\/categories?post=109202"},{"taxonomy":"post_tag","embeddable":true,"href":"https:\/\/www.cronacaonline.it\/index.php\/wp-json\/wp\/v2\/tags?post=109202"}],"curies":[{"name":"wp","href":"https:\/\/api.w.org\/{rel}","templated":true}]}}