{"id":109076,"date":"2014-09-12T17:20:46","date_gmt":"2014-09-12T16:20:46","guid":{"rendered":"http:\/\/www.cronacaonline.it\/public\/content\/index.php\/12\/09\/2014\/arst-dichiarazione-marcello-orru-consigliere-regionale-gruppo-psdaz-meglio-tardi-che-mai-ora-subito-la-fissazione--delle-date-altrimenti-e-nuova-presa-in-giro"},"modified":"2014-09-12T17:20:46","modified_gmt":"2014-09-12T16:20:46","slug":"arst-dichiarazione-marcello-orru-consigliere-regionale-gruppo-psdaz-meglio-tardi-che-mai-ora-subito-la-fissazione-delle-date-altrimenti-e-nuova-presa-in-giro","status":"publish","type":"post","link":"https:\/\/www.cronacaonline.it\/index.php\/2014\/09\/12\/arst-dichiarazione-marcello-orru-consigliere-regionale-gruppo-psdaz-meglio-tardi-che-mai-ora-subito-la-fissazione-delle-date-altrimenti-e-nuova-presa-in-giro\/","title":{"rendered":"Arst, dichiarazione Marcello Orr\u00f9, consigliere regionale Gruppo Psdaz: Meglio tardi che mai, ora subito la fissazione  delle date. Altrimenti \u00e8 nuova presa in giro"},"content":{"rendered":"<p>In una nota il consigliere regionale del Partito Sardo d\u2019Azione, afferma: \u201cApprendo che finalmente l'assessore Deiana ha deciso di sbloccare il concorso Arst. Meglio tardi che mai. Nelle scorse settimane sono intervenuto pi\u00f9 volte sul tema perch\u00e9 ho ricevuto tante segnalazioni da parte di ragazzi e ragazze che avevano passato, dopo sacrifici e spese, le prime prove per poi vedersi la selezione letteralmente volatilizzata\u201d.<\/p>\n<p>\u201cTanto tempo \u2013conclude Orr\u00f9 - \u00e8 stato perso ed \u00e8 urgente che la Regione rimedi il ritardo accumulatosi fissando subito, senza far passare nemmeno un giorno, le date delle prove di guida al fine di permettere la conclusione del concorso. Fino a quando sul sito dell'Arst non saranno pubblicate le date delle prove di guida significher\u00e0 che nulla \u00e8 cambiato e che dal \"rinviato a data da destinarsi\" si \u00e8 passati al \u2018saranno effettuate quanto prima possibile\u2019 \". Com-red<\/p>\n","protected":false},"excerpt":{"rendered":"<p>In una nota il consigliere regionale del Partito Sardo d\u2019Azione, afferma: \u201cApprendo che finalmente l&#8217;assessore Deiana ha deciso di sbloccare il concorso Arst. Meglio tardi&#8230;<\/p>\n","protected":false},"author":2,"featured_media":0,"comment_status":"closed","ping_status":"closed","sticky":false,"template":"","format":"standard","meta":[],"categories":[49],"tags":[],"_links":{"self":[{"href":"https:\/\/www.cronacaonline.it\/index.php\/wp-json\/wp\/v2\/posts\/109076"}],"collection":[{"href":"https:\/\/www.cronacaonline.it\/index.php\/wp-json\/wp\/v2\/posts"}],"about":[{"href":"https:\/\/www.cronacaonline.it\/index.php\/wp-json\/wp\/v2\/types\/post"}],"author":[{"embeddable":true,"href":"https:\/\/www.cronacaonline.it\/index.php\/wp-json\/wp\/v2\/users\/2"}],"replies":[{"embeddable":true,"href":"https:\/\/www.cronacaonline.it\/index.php\/wp-json\/wp\/v2\/comments?post=109076"}],"version-history":[{"count":0,"href":"https:\/\/www.cronacaonline.it\/index.php\/wp-json\/wp\/v2\/posts\/109076\/revisions"}],"wp:attachment":[{"href":"https:\/\/www.cronacaonline.it\/index.php\/wp-json\/wp\/v2\/media?parent=109076"}],"wp:term":[{"taxonomy":"category","embeddable":true,"href":"https:\/\/www.cronacaonline.it\/index.php\/wp-json\/wp\/v2\/categories?post=109076"},{"taxonomy":"post_tag","embeddable":true,"href":"https:\/\/www.cronacaonline.it\/index.php\/wp-json\/wp\/v2\/tags?post=109076"}],"curies":[{"name":"wp","href":"https:\/\/api.w.org\/{rel}","templated":true}]}}