{"id":108696,"date":"2014-10-09T17:20:45","date_gmt":"2014-10-09T16:20:45","guid":{"rendered":"http:\/\/www.cronacaonline.it\/public\/content\/index.php\/09\/10\/2014\/asl-nuoro---a-nuoro-il-10-e-11-ottobre-prossimi-tradizione-e-scienza-i-benefici-dellallattamento-al-seno"},"modified":"2014-10-09T17:20:45","modified_gmt":"2014-10-09T16:20:45","slug":"asl-nuoro-a-nuoro-il-10-e-11-ottobre-prossimi-tradizione-e-scienza-i-benefici-dellallattamento-al-seno","status":"publish","type":"post","link":"https:\/\/www.cronacaonline.it\/index.php\/2014\/10\/09\/asl-nuoro-a-nuoro-il-10-e-11-ottobre-prossimi-tradizione-e-scienza-i-benefici-dellallattamento-al-seno\/","title":{"rendered":"Asl Nuoro &#8211; A Nuoro il 10 e 11 ottobre prossimi tradizione e Scienza, i benefici dell\u2019allattamento al seno"},"content":{"rendered":"<p>Anche quest\u2019anno l\u2019Azienda Sanitaria di Nuoro sostiene la Settimana Mondiale dell\u2019Allattamento.<\/p>\n<p>Venerd\u00ec 10 ottobre, alle 16.00, presso l\u2019Auditorium della Biblioteca Sebastiano Satta di Nuoro, si terr\u00e0 un evento promosso dall'Unit\u00e0 Operativa Pediatria di Comunit\u00e0 dell'ASL di Nuoro, rivolto alle neomamme e\/o future mamme sui vantaggi dell\u2019allattamento al seno.<br \/>Le Organizzazioni mondiali, come la World Alliance for Breastfeeding Action e la MAMI (Movimento Allattamento Materno Italiano), sostengono l\u2019importanza dell\u2019allattamento al seno sino ai due anni di vita e, in maniera esclusiva, sino al compimento del sesto mese.<\/p>\n<p>L\u2019alimentazione infantile \u00e8 un momento essenziale per la Prevenzione e la Salute Pubblica. Infatti, in ogni cultura l\u2019allattamento al seno \u00e8 considerato fondamentale per la salute del bambino e della madre, in particolare nella cultura millenaria della Sardegna, che con la \u201cDea Madre\u201d ha come fondamento proprio la maternit\u00e0.<\/p>\n","protected":false},"excerpt":{"rendered":"<p>Anche quest\u2019anno l\u2019Azienda Sanitaria di Nuoro sostiene la Settimana Mondiale dell\u2019Allattamento. Venerd\u00ec 10 ottobre, alle 16.00, presso l\u2019Auditorium della Biblioteca Sebastiano Satta di Nuoro, si&#8230;<\/p>\n","protected":false},"author":2,"featured_media":0,"comment_status":"closed","ping_status":"closed","sticky":false,"template":"","format":"standard","meta":[],"categories":[49],"tags":[],"_links":{"self":[{"href":"https:\/\/www.cronacaonline.it\/index.php\/wp-json\/wp\/v2\/posts\/108696"}],"collection":[{"href":"https:\/\/www.cronacaonline.it\/index.php\/wp-json\/wp\/v2\/posts"}],"about":[{"href":"https:\/\/www.cronacaonline.it\/index.php\/wp-json\/wp\/v2\/types\/post"}],"author":[{"embeddable":true,"href":"https:\/\/www.cronacaonline.it\/index.php\/wp-json\/wp\/v2\/users\/2"}],"replies":[{"embeddable":true,"href":"https:\/\/www.cronacaonline.it\/index.php\/wp-json\/wp\/v2\/comments?post=108696"}],"version-history":[{"count":0,"href":"https:\/\/www.cronacaonline.it\/index.php\/wp-json\/wp\/v2\/posts\/108696\/revisions"}],"wp:attachment":[{"href":"https:\/\/www.cronacaonline.it\/index.php\/wp-json\/wp\/v2\/media?parent=108696"}],"wp:term":[{"taxonomy":"category","embeddable":true,"href":"https:\/\/www.cronacaonline.it\/index.php\/wp-json\/wp\/v2\/categories?post=108696"},{"taxonomy":"post_tag","embeddable":true,"href":"https:\/\/www.cronacaonline.it\/index.php\/wp-json\/wp\/v2\/tags?post=108696"}],"curies":[{"name":"wp","href":"https:\/\/api.w.org\/{rel}","templated":true}]}}