{"id":108078,"date":"2014-11-20T17:20:45","date_gmt":"2014-11-20T16:20:45","guid":{"rendered":"http:\/\/www.cronacaonline.it\/public\/content\/index.php\/20\/11\/2014\/approvato-in-consiglio-dl-72-assessore-affari-generali-demuro-primo-passo-per-la-riforma-della-regione"},"modified":"2014-11-20T17:20:45","modified_gmt":"2014-11-20T16:20:45","slug":"approvato-in-consiglio-dl-72-assessore-affari-generali-demuro-primo-passo-per-la-riforma-della-regione","status":"publish","type":"post","link":"https:\/\/www.cronacaonline.it\/index.php\/2014\/11\/20\/approvato-in-consiglio-dl-72-assessore-affari-generali-demuro-primo-passo-per-la-riforma-della-regione\/","title":{"rendered":"Approvato in consiglio dl 72, Assessore Affari Generali Demuro: primo passo per la riforma della regione"},"content":{"rendered":"<p>\"Questo \u00e8 il primo passo verso una Regione pi\u00f9 moderna ed efficiente. Con questa legge si interviene nella semplificazione della mobilit\u00e0 e nella riorganizzazione delle strutture dirigenziali per troppo tempo definite in maniera rigida dalla legge\".<\/p>\n<p>Lo ha dichiarato ieri sera l'assessore del Personale, Affari generali e Riforma della Regione, Gianmario Demuro, a seguito dell'approvazione in Consiglio regionale del disegno di legge 72, \"Disposizioni urgenti in materia di organizzazione della Regione\". L'assessore Demuro mette in evidenza come la legge intervenga sulla valutazione dirigenziale.<\/p>\n<p>\"L'attivit\u00e0 dei dirigenti \u00e8 sottoposta a giudizio di efficienza dei risultati raggiunti\". Infine, ha detto il titolare degli Affari generali, \u00e8 stata definita l'istituzione della Banca dati delle competenze \"che favorir\u00e0 la mobilit\u00e0 all'interno della Regione\". \u00c8 solo il primo passo, ha sottolineato l'esponente dell'esecutivo, al quale seguir\u00e0 il dl sul personale della Regione, il riordino degli Enti locali e la legge statutaria. \"Da oggi - ha concluso l'assessore - si ricomincia a lavorare per la realizzazione di istituzioni sempre pi\u00f9 efficienti per il servizio al cittadino\".<\/p>\n","protected":false},"excerpt":{"rendered":"<p>&#8220;Questo \u00e8 il primo passo verso una Regione pi\u00f9 moderna ed efficiente. Con questa legge si interviene nella semplificazione della mobilit\u00e0 e nella riorganizzazione delle&#8230;<\/p>\n","protected":false},"author":2,"featured_media":0,"comment_status":"closed","ping_status":"closed","sticky":false,"template":"","format":"standard","meta":[],"categories":[49],"tags":[],"_links":{"self":[{"href":"https:\/\/www.cronacaonline.it\/index.php\/wp-json\/wp\/v2\/posts\/108078"}],"collection":[{"href":"https:\/\/www.cronacaonline.it\/index.php\/wp-json\/wp\/v2\/posts"}],"about":[{"href":"https:\/\/www.cronacaonline.it\/index.php\/wp-json\/wp\/v2\/types\/post"}],"author":[{"embeddable":true,"href":"https:\/\/www.cronacaonline.it\/index.php\/wp-json\/wp\/v2\/users\/2"}],"replies":[{"embeddable":true,"href":"https:\/\/www.cronacaonline.it\/index.php\/wp-json\/wp\/v2\/comments?post=108078"}],"version-history":[{"count":0,"href":"https:\/\/www.cronacaonline.it\/index.php\/wp-json\/wp\/v2\/posts\/108078\/revisions"}],"wp:attachment":[{"href":"https:\/\/www.cronacaonline.it\/index.php\/wp-json\/wp\/v2\/media?parent=108078"}],"wp:term":[{"taxonomy":"category","embeddable":true,"href":"https:\/\/www.cronacaonline.it\/index.php\/wp-json\/wp\/v2\/categories?post=108078"},{"taxonomy":"post_tag","embeddable":true,"href":"https:\/\/www.cronacaonline.it\/index.php\/wp-json\/wp\/v2\/tags?post=108078"}],"curies":[{"name":"wp","href":"https:\/\/api.w.org\/{rel}","templated":true}]}}