{"id":108076,"date":"2014-11-20T17:20:45","date_gmt":"2014-11-20T16:20:45","guid":{"rendered":"http:\/\/www.cronacaonline.it\/public\/content\/index.php\/20\/11\/2014\/il-questore-di-cagliari-ordina-chiusura-del-locale-la-foresta-a-cagliari"},"modified":"2014-11-20T17:20:45","modified_gmt":"2014-11-20T16:20:45","slug":"il-questore-di-cagliari-ordina-chiusura-del-locale-la-foresta-a-cagliari","status":"publish","type":"post","link":"https:\/\/www.cronacaonline.it\/index.php\/2014\/11\/20\/il-questore-di-cagliari-ordina-chiusura-del-locale-la-foresta-a-cagliari\/","title":{"rendered":"Il Questore di Cagliari ordina chiusura del locale \u201cLa Foresta\u201d a Cagliari"},"content":{"rendered":"<p><\/p>\n<p>Il Questore di Cagliari ha sospeso per un mesel\u2019autorizzazione di somministrazione di alimenti e bevande al titolare dellocale denominato \u201cLa Foresta\u201d.<\/p>\n<p>Il provvedimento \u00e8 stato adottato in quanto il 16 novembrescorso alcuni equipaggi della Squadra Volante dell\u2019Ufficio Prevenzione Generalee Soccorso Pubblico impegnati nei servizi di controllo del territorio anche nelcentro di Cagliari, sono intervenute in Via Mameli angolo Via Maddalena, persoccorrere una persona con diverse ferite al viso. Le tracce di sangue sulselciato hanno guidato gli operatori di polizia dapprima all\u2019ingresso dellocale e poi all\u2019interno di esso.<\/p>\n<p>Nel corso dei primi controlli gli agenti hanno identificatoun altro soggetto con evidenti segni di colluttazione e delle ferite al viso edalle prime testimonianze \u00e8 emerso che diverse persone si erano picchiateall\u2019interno del locale.Il locale \u00e8 gi\u00e0 stato oggetto di segnalazioni relative arisse e disordini.<\/p>\n<p>Il potere speciale attribuito al Questore ai sensi dell\u2019art.100 del Testo Unico delle Leggi di Pubblica Sicurezza, si connota per l\u2019urgenzae per il fatto di non essere sanzionatorio bens\u00ec preventivo rispetto allacommissione di reati. La finalit\u00e0 del potere di sospensione \u00e8 quella diimpedire che situazioni lesive dell\u2019ordine e sicurezza pubblica e, pertanto,socialmente pericolose possano protrarsi con la continuazione dell\u2019attivit\u00e0. <\/p>\n<p>Gli ultimi fatti, per la loro gravit\u00e0, comunquecostituiscono motivo di pericolo per l\u2019ordine e la sicurezza pubblica,l\u2019incolumit\u00e0 dei cittadini e, in particolare, possono avere ripercussioninegative per tutto il quartiere. <\/p>\n","protected":false},"excerpt":{"rendered":"<p>Il Questore di Cagliari ha sospeso per un mesel\u2019autorizzazione di somministrazione di alimenti e bevande al titolare dellocale denominato \u201cLa Foresta\u201d. Il provvedimento \u00e8 stato&#8230;<\/p>\n","protected":false},"author":2,"featured_media":0,"comment_status":"closed","ping_status":"closed","sticky":false,"template":"","format":"standard","meta":[],"categories":[49],"tags":[],"_links":{"self":[{"href":"https:\/\/www.cronacaonline.it\/index.php\/wp-json\/wp\/v2\/posts\/108076"}],"collection":[{"href":"https:\/\/www.cronacaonline.it\/index.php\/wp-json\/wp\/v2\/posts"}],"about":[{"href":"https:\/\/www.cronacaonline.it\/index.php\/wp-json\/wp\/v2\/types\/post"}],"author":[{"embeddable":true,"href":"https:\/\/www.cronacaonline.it\/index.php\/wp-json\/wp\/v2\/users\/2"}],"replies":[{"embeddable":true,"href":"https:\/\/www.cronacaonline.it\/index.php\/wp-json\/wp\/v2\/comments?post=108076"}],"version-history":[{"count":0,"href":"https:\/\/www.cronacaonline.it\/index.php\/wp-json\/wp\/v2\/posts\/108076\/revisions"}],"wp:attachment":[{"href":"https:\/\/www.cronacaonline.it\/index.php\/wp-json\/wp\/v2\/media?parent=108076"}],"wp:term":[{"taxonomy":"category","embeddable":true,"href":"https:\/\/www.cronacaonline.it\/index.php\/wp-json\/wp\/v2\/categories?post=108076"},{"taxonomy":"post_tag","embeddable":true,"href":"https:\/\/www.cronacaonline.it\/index.php\/wp-json\/wp\/v2\/tags?post=108076"}],"curies":[{"name":"wp","href":"https:\/\/api.w.org\/{rel}","templated":true}]}}