{"id":108070,"date":"2014-11-20T17:20:45","date_gmt":"2014-11-20T16:20:45","guid":{"rendered":"http:\/\/www.cronacaonline.it\/public\/content\/index.php\/20\/11\/2014\/senatore-silvio-lai-pd--con-i-tagli-ai-patronati-a-rischio-servizi-fondamentali-per-i-cittadini"},"modified":"2014-11-20T17:20:45","modified_gmt":"2014-11-20T16:20:45","slug":"senatore-silvio-lai-pd-con-i-tagli-ai-patronati-a-rischio-servizi-fondamentali-per-i-cittadini","status":"publish","type":"post","link":"https:\/\/www.cronacaonline.it\/index.php\/2014\/11\/20\/senatore-silvio-lai-pd-con-i-tagli-ai-patronati-a-rischio-servizi-fondamentali-per-i-cittadini\/","title":{"rendered":"Senatore Silvio Lai PD \u2013 Con i tagli ai patronati a rischio servizi fondamentali per i cittadini."},"content":{"rendered":"<p>\u201cLa scelta di tagliare i fondi ai patronati \u00e8 sbagliata e deve essere rivista. \u00c8 vero che bisogna individuare ogni possibile intervento e soluzione che consenta allo stato di risparmiare ma \u00e8 necessario che questo non vada a colpire servizi che funzionano e che offrono assistenza ai cittadini. Si devono penalizzare gli sprechi e non l\u2019attivit\u00e0 di chi tra le altre cose consente alla pubblica amministrazione di risparmiare oltre 600 milioni di euro grazie ad un fondo che attualmente \u00e8 di 430 milioni di euro\u201d.<\/p>\n<p>Lo scrivono i&nbsp; senatori del PD Silvio Lai, Giuseppe Cucca e Ignazio Angioni che dopo aver firmato, insieme ad altri parlamentari, la lettera inviata al Presidente Renzi per chiedere la revisione del taglio previsto dalla Legge di Stabilit\u00e0 hanno deciso di sostenere anche la petizione lanciata in tutta Italia a difesa dei Patronati.<\/p>\n<p>\"Confidiamo che gi\u00e0 alla Camera si modifichi la normativa nella quantit\u00e0 e nella qualit\u00e0 del taglio altrimenti ci faremo promotori di una iniziativa al senato quando ci sar\u00e0 la seconda lettura\u201d. \u201c\u00c8 paradossale quello che sta accadendo \u2013 scrive Lai \u2013 si va a depotenziare, se non a bloccare definitivamente, quello che viene riconosciuto come un fiore all\u2019occhiello del sistema sociale italiano e questo nonostante il fondo per i patronati si alimenti dalle ritenute effettuate sui contributi previdenziali versati dai lavoratori e dalle imprese. Ma quel che ci preoccupa sono le conseguenze di questa scelta. Pensiamo a quei cittadini che in questi anni hanno trovato nei patronati un punto di riferimento indispensabile per tutta una serie di servizi. Un\u2019assistenza altamente professionale e completamente gratuita che in altri paesi viene svolta a pagamento e da societ\u00e0 private. Come dice il testo della petizione che abbiamo firmato, e che invitiamo a firmare, \u00e8 a rischio l\u2019uguaglianza&nbsp; di accessi ai diritti dei cittadini. Siamo fermamente convinti che si debba andare nella direzione opposta rispetto a quanto previsto sull\u2019argomento nella legge di stabilit\u00e0. Si deve trovare il modo per potenziare l\u2019attivit\u00e0 dei patronati, ampliando gli spazi di consulenza e valutando la possibilit\u00e0 di liberarli dai vincoli delle sole prestazioni gratuite\u201d.<\/p>\n<p>La petizione contro il taglio ai patronati si pu\u00f2 firmare all\u2019indirizzo: <a href=\"http:\/\/www.tituteliamo.it\/no-ai-tagli-ai-patronati\/\">http:\/\/www.tituteliamo.it\/no-ai-tagli-ai-patronati\/<\/a><\/p>\n","protected":false},"excerpt":{"rendered":"<p>\u201cLa scelta di tagliare i fondi ai patronati \u00e8 sbagliata e deve essere rivista. \u00c8 vero che bisogna individuare ogni possibile intervento e soluzione che&#8230;<\/p>\n","protected":false},"author":2,"featured_media":0,"comment_status":"closed","ping_status":"closed","sticky":false,"template":"","format":"standard","meta":[],"categories":[49],"tags":[],"_links":{"self":[{"href":"https:\/\/www.cronacaonline.it\/index.php\/wp-json\/wp\/v2\/posts\/108070"}],"collection":[{"href":"https:\/\/www.cronacaonline.it\/index.php\/wp-json\/wp\/v2\/posts"}],"about":[{"href":"https:\/\/www.cronacaonline.it\/index.php\/wp-json\/wp\/v2\/types\/post"}],"author":[{"embeddable":true,"href":"https:\/\/www.cronacaonline.it\/index.php\/wp-json\/wp\/v2\/users\/2"}],"replies":[{"embeddable":true,"href":"https:\/\/www.cronacaonline.it\/index.php\/wp-json\/wp\/v2\/comments?post=108070"}],"version-history":[{"count":0,"href":"https:\/\/www.cronacaonline.it\/index.php\/wp-json\/wp\/v2\/posts\/108070\/revisions"}],"wp:attachment":[{"href":"https:\/\/www.cronacaonline.it\/index.php\/wp-json\/wp\/v2\/media?parent=108070"}],"wp:term":[{"taxonomy":"category","embeddable":true,"href":"https:\/\/www.cronacaonline.it\/index.php\/wp-json\/wp\/v2\/categories?post=108070"},{"taxonomy":"post_tag","embeddable":true,"href":"https:\/\/www.cronacaonline.it\/index.php\/wp-json\/wp\/v2\/tags?post=108070"}],"curies":[{"name":"wp","href":"https:\/\/api.w.org\/{rel}","templated":true}]}}