{"id":108069,"date":"2014-11-20T17:20:45","date_gmt":"2014-11-20T16:20:45","guid":{"rendered":"http:\/\/www.cronacaonline.it\/public\/content\/index.php\/20\/11\/2014\/lavori-di-ieri-sera-del-consiglio-sardegna-approvato-il-disegno-di-legge-su-disposizioni-urgenti-in-materia-di-organizzazione-della-regione-2"},"modified":"2014-11-20T17:20:45","modified_gmt":"2014-11-20T16:20:45","slug":"lavori-di-ieri-sera-del-consiglio-sardegna-approvato-il-disegno-di-legge-su-disposizioni-urgenti-in-materia-di-organizzazione-della-regione-2","status":"publish","type":"post","link":"https:\/\/www.cronacaonline.it\/index.php\/2014\/11\/20\/lavori-di-ieri-sera-del-consiglio-sardegna-approvato-il-disegno-di-legge-su-disposizioni-urgenti-in-materia-di-organizzazione-della-regione-2\/","title":{"rendered":"Lavori di ieri sera del Consiglio Sardegna: Approvato il Disegno di Legge su \u201cDisposizioni urgenti in materia di organizzazione della Regione\u201d (2)"},"content":{"rendered":"<p>Sull\u2019articolo 15 quater (piano per il superamento del precariato) e sull\u2019emendamento 159 sull\u2019ente foreste (bocciato), sono intervenuti, anche pi\u00f9 volte, i consiglieri Peru (Forza Italia Sardegna), Antonio Solinas ( Pd), Demontis (Pd), Lotto (Pd), Daniele Cocco (Sel), Arbau (Sardegna Vera), Dedoni (Riformatori sardi), Pittalis (Forza Italia Sardegna) che ha annunciato la presentazione di un\u2019interrogazione urgente sulla situazione dell\u2019ente foreste.<\/p>\n<p>In rapida successione sono stati approvati gli articoli 15 quater, il 16, il 16 bis, il 16 ter, il 16 quater e il 16 quinquies.<\/p>\n<p>ull\u2019articolo 16 sexies, e sugli emendamenti presentati, sono intervenuti: Cristian Solinas (Psd\u2019az), Paolo Truzzu (Sardegna), Attilio Dedoni (Riformatori sardi). L\u2019articolo \u00e8 stato approvato.<\/p>\n<p>Sull\u2019emendamento 157, presentato dalla consigliera Busia e fatto proprio da Pietro Pittalis sono intervenuti, oltre al capogruppo di Forza Italia Sardegna, Pietro Cocco (Pd). L\u2019emendamento \u00e8 stato bocciato.&nbsp; <br \/>Sull\u2019articolo 17 e sugli emendamenti sono intervenuti Stefano Tunis (Forza Italia Sardegna), Salvatore Demontis (Pd), Approvato il testo dell\u2019articolo e l\u2019emendamento 7 (busia e pi\u00f9) che aggiunge un articolo che prevede l\u2019entrata in vigore della legge nel giorno della pubblicazione sul Buras.<\/p>\n<p>L\u2019aula ha approvato anche tre ordini del giorno. Il primo (Pietro Cocco e pi\u00f9) sull\u2019equiparazione giuridica e retributiva del Comparto unico di contrattazione collettiva della Regione e degli enti locali, istituito dall\u2019articolo 12 della legge regionale 9\/2006.<\/p>\n<p>Questo odg impegna la giunta regionale ad adottare entro 120 giorni dall\u2019approvazione dell\u2019ordine del giorno, con propria deliberazione, su proposta dell\u2019assessore degli affari generali, previo parere della commissione competente, le linee guida per l\u2019equiparazione dei trattamenti retributivi del personale del Comparto unico di contrattazione collettiva della Regione e degli enti locali, istituito ai sensi dell\u2019articolo 12 della legge regionale 9\/2006, in armonia con i principi che regolano il lavoro alle dipendenze delle amministrazioni pubbliche e nel rispetto delle norme sull\u2019ordinamento degli enti locali.<\/p>\n<p>Il secondo ordine del giorno approvato (Arbau e pi\u00f9) riguarda l\u2019opportunit\u00e0 di affrontare e definire tutte le situazioni relative al personale del sistema Regione. In particolare questo documento impegna la giunta regionale a predisporre, entro sei mesi, un apposito disegno di legge sul personale che affronti e risolva le questioni solevate in materia di personale durante la discussione sul DL n. 72. L\u2019esecutivo, inoltre deve garantire, nell\u2019applicazione del DL 72, la prosecuzione di importanti funzioni, assicurando la continuit\u00e0 lavorativa del personale precario coinvolto. La giunta \u00e8 stata anche impegnata a emanare direttive precise all\u2019Ente foreste per attivare immediatamente la procedura ad evidenza pubblica che risolva alla radice, ed in tempi rapidi, la questione attinente alle assegnazioni temporanee di mansioni superiori. Il terzo ordine del giorno approvato, che \u00e8 stato illustrato da Alessandra Zedda) riguarda la Croce Rossa italiana che sar\u00e0 posta in liquidazione dal primo gennaio 2015. L\u2019ordine del giorno impegna il presidente della Regione a porre in essere tutte le azioni necessarie anche per rispettare il profilo pubblico dell\u2019ente e per salvare i livelli occupativi inserendo i militari della Sardegna in una lista di esaurimento per essere destinati alla protezione civile o ad un coinvolgimento per il servizio del 118.<\/p>\n<p>Per dichiarazione di voto sul DL 72 sono intervenuti: Pittalis (Forza Italia Sardegna) che ha espresso voto contrario perch\u00e9 non si sono applicati criteri uguali per tutti. Cossa (Riformatori Sardi) ha parlato di legge negativa perch\u00e9 inquinata da norme intruse. Agus ha espresso, invece, voto a favore. Si tratta di una legge importante che apre un processo di riforma ed \u00e8 un primo tassello di un puzzle complicato. Pietro Cocco (Pd) ha espresso un parere favorevole sulla legge e ha detto che la riorganizzazione della Regione \u00e8 un tema che si \u00e8 affrontato da tempo, ma nessuno ha mai risolto il problema. Noi abbiamo fatto un primo passo.<\/p>\n<p>Questa legge \u00e8 l\u2019inizio di un percorso. Per Arbau (Sardegna Vera) si tratta di una buona legge. E\u2019 stata l\u2019ennesima prova per questa maggioranza superata con intelligenza. Ma questa tecnica legislativa di stravolgere l\u2019attivit\u00e0 fatta in commissione in Consiglio, non funziona pi\u00f9. Il DL 72 \u00e8 stato approvato (votanti 46, s\u00ec 32, no 14). Com<\/p>\n","protected":false},"excerpt":{"rendered":"<p>Sull\u2019articolo 15 quater (piano per il superamento del precariato) e sull\u2019emendamento 159 sull\u2019ente foreste (bocciato), sono intervenuti, anche pi\u00f9 volte, i consiglieri Peru (Forza Italia&#8230;<\/p>\n","protected":false},"author":2,"featured_media":0,"comment_status":"closed","ping_status":"closed","sticky":false,"template":"","format":"standard","meta":[],"categories":[49],"tags":[],"_links":{"self":[{"href":"https:\/\/www.cronacaonline.it\/index.php\/wp-json\/wp\/v2\/posts\/108069"}],"collection":[{"href":"https:\/\/www.cronacaonline.it\/index.php\/wp-json\/wp\/v2\/posts"}],"about":[{"href":"https:\/\/www.cronacaonline.it\/index.php\/wp-json\/wp\/v2\/types\/post"}],"author":[{"embeddable":true,"href":"https:\/\/www.cronacaonline.it\/index.php\/wp-json\/wp\/v2\/users\/2"}],"replies":[{"embeddable":true,"href":"https:\/\/www.cronacaonline.it\/index.php\/wp-json\/wp\/v2\/comments?post=108069"}],"version-history":[{"count":0,"href":"https:\/\/www.cronacaonline.it\/index.php\/wp-json\/wp\/v2\/posts\/108069\/revisions"}],"wp:attachment":[{"href":"https:\/\/www.cronacaonline.it\/index.php\/wp-json\/wp\/v2\/media?parent=108069"}],"wp:term":[{"taxonomy":"category","embeddable":true,"href":"https:\/\/www.cronacaonline.it\/index.php\/wp-json\/wp\/v2\/categories?post=108069"},{"taxonomy":"post_tag","embeddable":true,"href":"https:\/\/www.cronacaonline.it\/index.php\/wp-json\/wp\/v2\/tags?post=108069"}],"curies":[{"name":"wp","href":"https:\/\/api.w.org\/{rel}","templated":true}]}}