{"id":108063,"date":"2014-11-21T17:20:45","date_gmt":"2014-11-21T16:20:45","guid":{"rendered":"http:\/\/www.cronacaonline.it\/public\/content\/index.php\/21\/11\/2014\/trasporti-incontro-meridiana-presidente-pigliaru-si-a-rilancio-compagnia-per-sardegna-e-lavoratori"},"modified":"2014-11-21T17:20:45","modified_gmt":"2014-11-21T16:20:45","slug":"trasporti-incontro-meridiana-presidente-pigliaru-si-a-rilancio-compagnia-per-sardegna-e-lavoratori","status":"publish","type":"post","link":"https:\/\/www.cronacaonline.it\/index.php\/2014\/11\/21\/trasporti-incontro-meridiana-presidente-pigliaru-si-a-rilancio-compagnia-per-sardegna-e-lavoratori\/","title":{"rendered":"Trasporti, incontro Meridiana. Presidente Pigliaru: si a rilancio compagnia per Sardegna e lavoratori"},"content":{"rendered":"<p>\"In una Regione storicamente affaticata per l'insularit\u00e0 \u00e8 importante che una compagnia aerea con solide basi nell'isola rimanga in piedi. Naturalmente, affinch\u00e9 questo fattore possa rappresentare un vantaggio per i sardi e per i lavoratori, la compagnia non deve semplicemente restare in piedi ma deve essere efficiente\". Lo ha detto il presidente della Regione Francesco Pigliaru dopo aver preso parte all'incontro con i vertici di Meridiana che si \u00e8 tenuto stamane nel palazzo di viale Trento.<\/p>\n<p>\u201cIl ruolo che la Regione in questo momento pu\u00f2 e deve ricoprire \u00e8 funzionale a incoraggiare concrete opportunit\u00e0 di rilancio dell'azienda - ha continuato il presidente Pigliaru - salvaguardando il pi\u00f9 possibile i posti di lavoro. Naturalmente auspichiamo che una societ\u00e0 importante come Meridiana non abbandoni i propri interessi strategici nell'Isola ma, piuttosto, riconsideri la possibilit\u00e0 di rafforzarli\".<\/p>\n<p>Alla riunione ha partecipato anche l'assessore dei Trasporti, Massimo Deiana. \"Gli spazi per un accordo tra azienda e lavoratori possono essere trovati sulla base di soluzioni diverse da affrontare e discutere - ha dichiarato l\u2019assessore - il primo punto della vertenza che la Regione ha fatto proprio, legato all'ipotesi di creare una lista unica di esuberi con Air Italy, non \u00e8 stato accolto dai rappresentanti degli azionisti Meridiana per impossibilit\u00e0 di carattere formale, tuttavia riteniamo esistano dei margini di trattativa ancora aperti che devono essere perseguiti\u201d.<\/p>\n<p>\"Comunque - ha concluso il titolare dei Trasporti - abbiamo apprezzato lo sforzo che in questo momento la societ\u00e0 sta imprimendo per limitare la portata delle conseguenze negative legate agli esuberi\u201d. La prossima settimana la Regione convocher\u00e0 i rappresentanti dei lavoratori per confrontarsi sui possibili scenari di sviluppo e di recupero di competitivit\u00e0 proposti oggi dall'azienda.<\/p>\n","protected":false},"excerpt":{"rendered":"<p>&#8220;In una Regione storicamente affaticata per l&#8217;insularit\u00e0 \u00e8 importante che una compagnia aerea con solide basi nell&#8217;isola rimanga in piedi. Naturalmente, affinch\u00e9 questo fattore possa&#8230;<\/p>\n","protected":false},"author":2,"featured_media":0,"comment_status":"closed","ping_status":"closed","sticky":false,"template":"","format":"standard","meta":[],"categories":[49],"tags":[],"_links":{"self":[{"href":"https:\/\/www.cronacaonline.it\/index.php\/wp-json\/wp\/v2\/posts\/108063"}],"collection":[{"href":"https:\/\/www.cronacaonline.it\/index.php\/wp-json\/wp\/v2\/posts"}],"about":[{"href":"https:\/\/www.cronacaonline.it\/index.php\/wp-json\/wp\/v2\/types\/post"}],"author":[{"embeddable":true,"href":"https:\/\/www.cronacaonline.it\/index.php\/wp-json\/wp\/v2\/users\/2"}],"replies":[{"embeddable":true,"href":"https:\/\/www.cronacaonline.it\/index.php\/wp-json\/wp\/v2\/comments?post=108063"}],"version-history":[{"count":0,"href":"https:\/\/www.cronacaonline.it\/index.php\/wp-json\/wp\/v2\/posts\/108063\/revisions"}],"wp:attachment":[{"href":"https:\/\/www.cronacaonline.it\/index.php\/wp-json\/wp\/v2\/media?parent=108063"}],"wp:term":[{"taxonomy":"category","embeddable":true,"href":"https:\/\/www.cronacaonline.it\/index.php\/wp-json\/wp\/v2\/categories?post=108063"},{"taxonomy":"post_tag","embeddable":true,"href":"https:\/\/www.cronacaonline.it\/index.php\/wp-json\/wp\/v2\/tags?post=108063"}],"curies":[{"name":"wp","href":"https:\/\/api.w.org\/{rel}","templated":true}]}}