{"id":108060,"date":"2014-11-21T17:20:45","date_gmt":"2014-11-21T16:20:45","guid":{"rendered":"http:\/\/www.cronacaonline.it\/public\/content\/index.php\/21\/11\/2014\/-ho-visto-uccidere-la-prima-repubblica-un-libro-scritto-da-sergio-berlinguer"},"modified":"2014-11-21T17:20:45","modified_gmt":"2014-11-21T16:20:45","slug":"ho-visto-uccidere-la-prima-repubblica-un-libro-scritto-da-sergio-berlinguer","status":"publish","type":"post","link":"https:\/\/www.cronacaonline.it\/index.php\/2014\/11\/21\/ho-visto-uccidere-la-prima-repubblica-un-libro-scritto-da-sergio-berlinguer\/","title":{"rendered":"\u201c Ho visto uccidere la Prima Repubblica\u201d, un libro scritto da Sergio Berlinguer"},"content":{"rendered":"<p>Due le tappe sarde della presentazione del libro dell\u2019ambasciatore Sergio Berlinguer: luned\u00ec 24 novembre alle ore 18 a Sassari - sala convegni La Nuova Sardegna - via Predda Niedda Str.31, presenta Pasquale Chessa, coordina Pier Giorgio Pinna; gioved\u00ec 27 novembre alle ore 18 a Cagliari - Aula Magna del Rettorato -&nbsp; via Universit\u00e0 n. 40, presenta Paolo Fadda, coordina Giancarlo Ghirra.<\/p>\n<p>Agli incontri saranno presenti l\u2019autore e l\u2019editore.<\/p>\n<p>La Prima Repubblica non \u00e8 morta travolta dallo tsunami Tangentopoli, ma \u00e8 stata uccisa e Mani pulite \u00e8 l\u00b4arma con la quale un\u00b4intera classe dirigente, politica e imprenditoriale, \u00e8 stata\u2026 fatta fuori.<\/p>\n<p>\u00c8 questa la tesi di \u201cHo visto uccidere la Prima Repubblica\u201d, pi\u00f9 di 300 pagine dettagliate e rigorose, che svelano i retroscena di alcuni tra i passaggi pi\u00f9 significativi della storia politica del nostro paese.<\/p>\n<p>Un libro-memoriale, scritto dall\u2019ambasciatore Sergio Berlinguer, un sardo testimone d\u2019eccezione che ha vissuto la storia dall\u2019interno delle stanze del potere in qualit\u00e0 di strettissimo collaboratore di 3 Presidenti del Consiglio e di 1 Presidente della Repubblica.<\/p>\n<p>Un sardo che ha vissuto accanto ad un altro sardo d\u2019eccezione, Francesco Cossiga, che nei suoi diversi incarichi istituzionali \u2013 tra cui Primo Ministro e Presidente della Repubblica \u2013 ha giocato un ruolo importante in un periodo molto difficile per la politica italiana ed europea.<\/p>\n<p>Un libro che svela alcuni retroscena degli eventi pi\u00f9 importanti della Prima Repubblica: dalla tragedia di Aldo Moro agli Euromissili, da Gladio a Tangentopoli solo per citarne alcuni.<\/p>\n<p>Ma, come afferma l\u2019autore: \u201cQuesto non \u00e8 un libro sul passato: \u00e8 un libro sul presente\u2026 La storia si ripete, con punti di contatto a dir poco inquietanti, sia per similarit\u00e0&nbsp;&nbsp; che per drammaticit\u00e0\u201d.<\/p>\n<p>Historia magistra vitae: un auspicio pi\u00f9 che una realt\u00e0, afferma Berlinguer spingendosi a sostenere che gli esseri umani sono ripetenti in storia, confrontandosi sempre con gli stessi problemi si ostinano a dare le stesse risposte: quasi sempre sbagliate.<\/p>\n<p>Non un libro sul passato, non un libro su Cossiga, non un libro su Tangentopoli, non un libro sugli Euromissili, non un libro sui rapporti Stato\/Chiesa\u2026 Tutti questi, e tanti altri, sono i temi presenti ma non esclusivi, raccontati per la prima volta da chi li ha vissuti lavorando nel back-stage della scena politica italiana accanto ad alcuni degli attori pi\u00f9 importanti di quella stagione. Il tutto corredato da un\u2019ampia raccolta di documenti&nbsp; inediti \u2013 appunti di lavoro, lettere, note, biglietti autografi \u2013 di propriet\u00e0 dell\u2019autore, generosamente messi a disposizione del lettore pi\u00f9 attento e curioso.<\/p>\n<p>L\u2019autore: Sergio Berlinguer \u00e8 nato a Sassari nel 1934. \u00c8 fratello di Luigi e cugino di Enrico Berlinguer. Laureato in giurisprudenza, \u00e8 entrato in carriera diplomatica, per concorso, nel 1959. Dopo un periodo di lavoro alla Farnesina, ha prestato servizio presso l\u2019Ambasciata ed il Consolato Generale d\u2019Italia a Londra dal 1962 al 1972.<\/p>\n<p>Consigliere diplomatico di tre Presidenti del Consiglio dei Ministri (Cossiga, Forlani e Spadolini) e del Presidente della Repubblica Francesco Cossiga. Segretario Generale della Presidenza della Repubblica, carica che ricopre dal 1986 al 25 aprile 1992.<\/p>\n<p>Dal 1994 al 1995 \u00e8 Ministro per gli Italiani nel Mondo nel primo Governo Berlusconi, come Ministro tecnico.<\/p>\n<p>Nel 1992 \u00e8 nominato Consigliere di Stato. \u00c8 stato insignito di numerose alte onorificenze italiane, vaticane e straniere.<\/p>\n","protected":false},"excerpt":{"rendered":"<p>Due le tappe sarde della presentazione del libro dell\u2019ambasciatore Sergio Berlinguer: luned\u00ec 24 novembre alle ore 18 a Sassari &#8211; sala convegni La Nuova Sardegna&#8230;<\/p>\n","protected":false},"author":2,"featured_media":0,"comment_status":"closed","ping_status":"closed","sticky":false,"template":"","format":"standard","meta":[],"categories":[49],"tags":[],"_links":{"self":[{"href":"https:\/\/www.cronacaonline.it\/index.php\/wp-json\/wp\/v2\/posts\/108060"}],"collection":[{"href":"https:\/\/www.cronacaonline.it\/index.php\/wp-json\/wp\/v2\/posts"}],"about":[{"href":"https:\/\/www.cronacaonline.it\/index.php\/wp-json\/wp\/v2\/types\/post"}],"author":[{"embeddable":true,"href":"https:\/\/www.cronacaonline.it\/index.php\/wp-json\/wp\/v2\/users\/2"}],"replies":[{"embeddable":true,"href":"https:\/\/www.cronacaonline.it\/index.php\/wp-json\/wp\/v2\/comments?post=108060"}],"version-history":[{"count":0,"href":"https:\/\/www.cronacaonline.it\/index.php\/wp-json\/wp\/v2\/posts\/108060\/revisions"}],"wp:attachment":[{"href":"https:\/\/www.cronacaonline.it\/index.php\/wp-json\/wp\/v2\/media?parent=108060"}],"wp:term":[{"taxonomy":"category","embeddable":true,"href":"https:\/\/www.cronacaonline.it\/index.php\/wp-json\/wp\/v2\/categories?post=108060"},{"taxonomy":"post_tag","embeddable":true,"href":"https:\/\/www.cronacaonline.it\/index.php\/wp-json\/wp\/v2\/tags?post=108060"}],"curies":[{"name":"wp","href":"https:\/\/api.w.org\/{rel}","templated":true}]}}