{"id":108054,"date":"2014-11-21T17:20:45","date_gmt":"2014-11-21T16:20:45","guid":{"rendered":"http:\/\/www.cronacaonline.it\/public\/content\/index.php\/21\/11\/2014\/keller-pigliaru-ci-siamo-e-saremo-presenti-a-ogni-tavolo-come-stiamo-facendo-per-tutte-le-altre-vertenze"},"modified":"2014-11-21T17:20:45","modified_gmt":"2014-11-21T16:20:45","slug":"keller-pigliaru-ci-siamo-e-saremo-presenti-a-ogni-tavolo-come-stiamo-facendo-per-tutte-le-altre-vertenze","status":"publish","type":"post","link":"https:\/\/www.cronacaonline.it\/index.php\/2014\/11\/21\/keller-pigliaru-ci-siamo-e-saremo-presenti-a-ogni-tavolo-come-stiamo-facendo-per-tutte-le-altre-vertenze\/","title":{"rendered":"Keller, Pigliaru: ci siamo e saremo presenti a ogni tavolo come stiamo facendo per tutte le altre vertenze"},"content":{"rendered":"<p>La Regione \u00e8 pronta a fare la sua parte, nel rispetto dei ruoli di ognuno, a sostegno dei lavoratori della Keller, la cui sentenza di fallimento \u00e8 stata emessa dal Tribunale di Cagliari e depositata lo scorso 17 novembre.<\/p>\n<p>Questo il punto centrale dell\u2019incontro svoltosi oggi, nel palazzo di Viale Trento a Cagliari, tra il presidente della Regione Francesco Pigliaru, l\u2019assessore dell\u2019Industria Maria Grazia Piras, i rappresentanti sindacali, una delegazione dei 290 lavoratori sardi e alcuni sindaci del Medio Campidano.<\/p>\n<p>Due i temi portati all'attenzione del presidente della Regione e dell\u2019assessore da parte dei sindacati: sostenere il ricorso alla sentenza e riprendere le interlocuzioni con investitori che si erano gi\u00e0 dichiarati interessati all'acquisto. Sul primo punto, il presidente Pigliaru ha chiarito che l'eventuale ammissibilit\u00e0 della richiesta \u00e8 al vaglio dell'ufficio legale e ha proseguito illustrando la posizione della giunta, \"che \u00e8 la stessa che teniamo davanti alle altre vertenze\", ha spiegato. \"Se ci sono investitori interessati, capiamone la seriet\u00e0 e, se \u00e8 necessario attrarne di nuovi, siamo pronti a fare le nostra parte. La Regione \u00e8 un'istituzione pubblica, non un imprenditore privato e siccome il mestiere della politica \u00e8 creare le condizioni per favorire investimenti seri, noi ci siamo e saremo presenti a tutti i tavoli. Tutto ci\u00f2 \u2013 ha aggiunto il presidente Pigliaru \u2013 tenendo ben presente che un'azienda come questa non pu\u00f2 pensare neanche per un minuto di sopravvivere guardando al nostro microscopico mercato, ma deve guardare pi\u00f9 in l\u00e0 e deve essere in grado di produrre per il mondo\".<\/p>\n<p>L\u2019assessore dell\u2019Industria Maria Grazia Piras, che proprio ieri ha partecipato a un incontro al Ministero dello Sviluppo Economico, a Roma, ha sottolineato come \u201clo stesso Mise e la Regione Sicilia, dove ha sede uno dei due stabilimenti Keller, siano intenzionati a supportare, nelle forme consentite, il reclamo avverso la sentenza di fallimento. Rispettiamo le decisioni del Tribunale \u2013 ha aggiunto l\u2019assessore Piras \u2013 e nel contempo comprendiamo le perplessit\u00e0 manifestate anche dai lavoratori sulle motivazioni della sentenza\u201d.<\/p>\n","protected":false},"excerpt":{"rendered":"<p>La Regione \u00e8 pronta a fare la sua parte, nel rispetto dei ruoli di ognuno, a sostegno dei lavoratori della Keller, la cui sentenza di&#8230;<\/p>\n","protected":false},"author":2,"featured_media":0,"comment_status":"closed","ping_status":"closed","sticky":false,"template":"","format":"standard","meta":[],"categories":[49],"tags":[],"_links":{"self":[{"href":"https:\/\/www.cronacaonline.it\/index.php\/wp-json\/wp\/v2\/posts\/108054"}],"collection":[{"href":"https:\/\/www.cronacaonline.it\/index.php\/wp-json\/wp\/v2\/posts"}],"about":[{"href":"https:\/\/www.cronacaonline.it\/index.php\/wp-json\/wp\/v2\/types\/post"}],"author":[{"embeddable":true,"href":"https:\/\/www.cronacaonline.it\/index.php\/wp-json\/wp\/v2\/users\/2"}],"replies":[{"embeddable":true,"href":"https:\/\/www.cronacaonline.it\/index.php\/wp-json\/wp\/v2\/comments?post=108054"}],"version-history":[{"count":0,"href":"https:\/\/www.cronacaonline.it\/index.php\/wp-json\/wp\/v2\/posts\/108054\/revisions"}],"wp:attachment":[{"href":"https:\/\/www.cronacaonline.it\/index.php\/wp-json\/wp\/v2\/media?parent=108054"}],"wp:term":[{"taxonomy":"category","embeddable":true,"href":"https:\/\/www.cronacaonline.it\/index.php\/wp-json\/wp\/v2\/categories?post=108054"},{"taxonomy":"post_tag","embeddable":true,"href":"https:\/\/www.cronacaonline.it\/index.php\/wp-json\/wp\/v2\/tags?post=108054"}],"curies":[{"name":"wp","href":"https:\/\/api.w.org\/{rel}","templated":true}]}}