{"id":108053,"date":"2014-11-21T17:20:45","date_gmt":"2014-11-21T16:20:45","guid":{"rendered":"http:\/\/www.cronacaonline.it\/public\/content\/index.php\/21\/11\/2014\/canone-rai-in-bolletta-e-iva-al-4-per-gli-ebook-ecco-come-cambia-la-legge-di-stabilita"},"modified":"2014-11-21T17:20:45","modified_gmt":"2014-11-21T16:20:45","slug":"canone-rai-in-bolletta-e-iva-al-4-per-gli-ebook-ecco-come-cambia-la-legge-di-stabilita","status":"publish","type":"post","link":"https:\/\/www.cronacaonline.it\/index.php\/2014\/11\/21\/canone-rai-in-bolletta-e-iva-al-4-per-gli-ebook-ecco-come-cambia-la-legge-di-stabilita\/","title":{"rendered":"Canone Rai in bolletta e Iva al 4% per gli ebook, ecco come cambia la legge di stabilit\u00e0"},"content":{"rendered":"<p>Canone Rai nella bolletta della luce e modulato in base al reddito. E poi social card estesa agli immigrati regolari, Iva al 4% per gli ebook e 150 milioni per l'assistenza ai malati di Sla. Sono le novit\u00e0 introdotte nella Legge di Stabilit\u00e0 presentate dal viceministro dell'Economia Enrico Morando.<\/p>\n<p>E sempre per bocca del sottosegretario \u00e8 arrivata la conferma che il governo potrebbe presto ripensare l\u2019aumento delle imposte sulle rendite dei fondi pensione e la rivalutazione del Tfr. Morando, in commissione Bilancio alla Camera, ha detto che l\u2019esecutivo \u00e8 disponibile e sta cercando risorse alternative per coprire quegli incassi (400 milioni circa in totale).<br \/>A Palazzo Chigi, intanto, \u00e8 stato presentato il piano-stralcio per l\u2019emergenza idrogeologica: dei 2,3 miliardi stanziati in passato, ma non ancora spesi, sono stati attivati 1,3 miliardi per 69 opere di prevenzione e assestamento in 1.130 Comuni, che comprendono anche il fiume Seveso e il torrente Bisagno.<\/p>\n<p>Il governo lavora a un intervento sul canone Rai da inserire in legge di Stabilit\u00e0. Lo conferma il viceministro dell'Economia Morando spiegando che l'intervento potrebbe arrivare al Senato e si potrebbe legare a quello sulle emittenti locali, per le quali l'intenzione \u00e8 di risolvere il problema in modo strutturale. L'intenzione sarebbe quella di trasferire in bolletta il pagamento del canone Rai, in chiave anti-evasione. Canone che sarebbe comunque ridotto nell'importo rispetto all'attuale ma aumenterebbe il gettito mettendo di fatto fine all'evasione. Le risorse aggiuntive ricavate servirebbero a finanziare le emittenti locali. \"Le tv locali - ha spiegato Morando parlando in Commissione - sono in una situazione tale per cui hanno dovuto mettere in cassa integrazione una parte enorme dei dipendenti, sono in una situazione di disagio drammatico\". Il governo \"intende affrontare il problema se possibile in termini strutturali\" uscendo dalla situazione attuale in cui \"ogni anno si riproponga emendamento per affrontare la questione\". E la soluzione strutturale \"\u00e8 connessa a una modificazione dell'assetto del canone Rai\" su cui \"non siamo ancora perfettamente pronti. Non so se lo saremo per il passaggio alla Camera\".<\/p>\n<p>Per questo il viceministro ha chiesto di accantonare tutti gli emendamenti che riguardano le emittenti locali, \"per vedere se questo intervento pu\u00f2 essere inserito in un disegno pi\u00f9 strutturale introdotto al Senato a proposito di canone Rai\". In ogni caso Morando ha assicurato che c'\u00e8 \"un formale impegno del governo a intervenire in questa legge di stabilit\u00e0\" sul tema delle emittenti locali.<\/p>\n<p>L\u2019aliquota Iva sui libri elettronici scende da quella massima del 22, a quella minima del 4%, con un emendamento presentato e sostenuto da tutti i gruppi politici.<\/p>\n<p>Il governo sta lavorando per trovare le coperture per rivedere la tassazione sul 'capital gain' dei fondi pensione ma \"le risorse per intervenire sono particolarmente impegnative e non siamo ancora pronti\". Morando ha assicurato che \"il tema \u00e8 presente\" e che il governo \"si sta sforzando di verificare che ci siano le coperture. Vogliamo fare correzioni vere e non una finta\".<\/p>\n<p>\"E' in corso un tentativo di intesa con le istituzioni interessate, Regioni, Comuni ed amministrazione centrale, per la riallocazione del personale delle Province, da realizzare, se ci sar\u00e0 bisogno, con norme nel corso della legge di stabilit\u00e0, ma l'intesa ancora non c'\u00e8\". Cos\u00ec il viceministro in Commissione chiedendo il ritiro di numerosi emendamenti in materia, spiegando che una proposta sar\u00e0 presentata, \"o alla Camera o al Senato, appena ci sar\u00e0 l'intesa\".<\/p>\n<p>\"C'\u00e8 l'impegno del governo ad affrontare al Senato\" il tema del sostegno alla filiera nautica. Lo ha assicurato il viceministro chiedendo di ritirare un emendamento del Movimento5Stelle che proponeva di rendere strutturale le misure sui cosiddetti 'marina resort', adesso in vigore fino a fine anno, che equiparano le strutture ricettive da ormeggio a quelle turistiche 'all'aria aperta', con l'Iva agevolata al 10%.<\/p>\n<p>Per iniziativa del governo il Fondo per le non autosufficienze sale a 400 milioni, ricavandone 150 per l\u2019assistenza ai malati di Sla, ed \u00e8 stato rifinanziata la social card , confermando i requisiti di accesso anche agli extracomunitari con regolare permesso di soggiorno, precisa l\u2019Economia in risposta a Ncd che parla di estensione del beneficio agli immigrati. Per gli incentivi agli acquisti di macchinari sono stati stanziati 12 milioni, mentre all\u2019Ice ne andranno 130 nel 2015 per la promozione del Made in Italy.<\/p>\n","protected":false},"excerpt":{"rendered":"<p>Canone Rai nella bolletta della luce e modulato in base al reddito. E poi social card estesa agli immigrati regolari, Iva al 4% per gli&#8230;<\/p>\n","protected":false},"author":2,"featured_media":0,"comment_status":"closed","ping_status":"closed","sticky":false,"template":"","format":"standard","meta":[],"categories":[49],"tags":[],"_links":{"self":[{"href":"https:\/\/www.cronacaonline.it\/index.php\/wp-json\/wp\/v2\/posts\/108053"}],"collection":[{"href":"https:\/\/www.cronacaonline.it\/index.php\/wp-json\/wp\/v2\/posts"}],"about":[{"href":"https:\/\/www.cronacaonline.it\/index.php\/wp-json\/wp\/v2\/types\/post"}],"author":[{"embeddable":true,"href":"https:\/\/www.cronacaonline.it\/index.php\/wp-json\/wp\/v2\/users\/2"}],"replies":[{"embeddable":true,"href":"https:\/\/www.cronacaonline.it\/index.php\/wp-json\/wp\/v2\/comments?post=108053"}],"version-history":[{"count":0,"href":"https:\/\/www.cronacaonline.it\/index.php\/wp-json\/wp\/v2\/posts\/108053\/revisions"}],"wp:attachment":[{"href":"https:\/\/www.cronacaonline.it\/index.php\/wp-json\/wp\/v2\/media?parent=108053"}],"wp:term":[{"taxonomy":"category","embeddable":true,"href":"https:\/\/www.cronacaonline.it\/index.php\/wp-json\/wp\/v2\/categories?post=108053"},{"taxonomy":"post_tag","embeddable":true,"href":"https:\/\/www.cronacaonline.it\/index.php\/wp-json\/wp\/v2\/tags?post=108053"}],"curies":[{"name":"wp","href":"https:\/\/api.w.org\/{rel}","templated":true}]}}