{"id":108050,"date":"2014-11-21T17:20:45","date_gmt":"2014-11-21T16:20:45","guid":{"rendered":"http:\/\/www.cronacaonline.it\/public\/content\/index.php\/21\/11\/2014\/arrestato-53enne-di-cagliari-per-rapina-aggravata-e-denunciato-per-porto-ingiustificato-di-arnesi-atti-a-offendere"},"modified":"2014-11-21T17:20:45","modified_gmt":"2014-11-21T16:20:45","slug":"arrestato-53enne-di-cagliari-per-rapina-aggravata-e-denunciato-per-porto-ingiustificato-di-arnesi-atti-a-offendere","status":"publish","type":"post","link":"https:\/\/www.cronacaonline.it\/index.php\/2014\/11\/21\/arrestato-53enne-di-cagliari-per-rapina-aggravata-e-denunciato-per-porto-ingiustificato-di-arnesi-atti-a-offendere\/","title":{"rendered":"Arrestato 53enne di Cagliari per rapina aggravata e denunciato per porto ingiustificato di arnesi atti a offendere."},"content":{"rendered":"<p>Nella serata di ieri gli agenti della Squadra Volanti della Questura di Cagliari hanno arrestato S. M. 53enne, per il reato di rapina aggravata. Inoltre \u00e8 stato denunciato in stato di libert\u00e0 per porto ingiustificato di arnesi atti ad offendere.<\/p>\n<p>Il Centro Operativo Telecomunicazioni, a seguito di segnalazione, ha diramato la nota di ricerca di un individuo che aveva commesso una rapina in Viale S. Avendrace presso un negozio di strumenti musicali.<\/p>\n<p>Quindi un equipaggio della Volante, nei pressi della stessa via, ha notato un uomo che corrispondeva perfettamente alle caratteristiche somatiche e di abbigliamento appena diramate, e lo fermava immediatamente. Perci\u00f2 con l\u2019ausilio di altri equipaggi giunti sul posto, i poliziotti hanno proceduto al controllo dell\u2019uomo sospetto rinvenendo, in alcune buste di plastica che portava con se, un coltello della lunghezza 38.5 cm che l\u2019arrestato aveva utilizzato per compiere la rapina, nonch\u00e9 altri oggetti rudimentali di spiccata potenzialit\u00e0 offensiva.<\/p>\n<p>In seguito durante ulteriori accertamenti \u00e8 stato possibile appurare che S.M., pochi istanti prima, si era introdotto nel negozio di strumenti musicali e, con la minaccia del coltello, si era impossessato di una custodia rigida per chitarra. Il proprietario del negozio ha tentato di difendersi con il bastone utilizzato per chiudere la serranda ma il rapinatore glielo ha strappato di mano e poi se ne \u00e8 disfatto lungo il percorso di fuga.<\/p>\n<p>Gli Agenti lungo la stessa via hanno trovato lo scooter di propriet\u00e0 del rapinatore con il quale si era recato sul luogo della rapina e, nel bauletto del mezzo, hanno rinvenuto una mannaia della lunghezza di 35.5 cm. Quindi \u00e8 stato portato negli uffici della Questura dove, finite le formalit\u00e0 di legge, \u00e8 stato dichiarato in arresto e, su disposizione dell\u2019Autorit\u00e0 Giudiziaria, \u00e8 stato rinchiuso presso la locale casa Circondariale di Cagliari Buoncammino.<\/p>\n","protected":false},"excerpt":{"rendered":"<p>Nella serata di ieri gli agenti della Squadra Volanti della Questura di Cagliari hanno arrestato S. M. 53enne, per il reato di rapina aggravata. Inoltre&#8230;<\/p>\n","protected":false},"author":2,"featured_media":0,"comment_status":"closed","ping_status":"closed","sticky":false,"template":"","format":"standard","meta":[],"categories":[49],"tags":[],"_links":{"self":[{"href":"https:\/\/www.cronacaonline.it\/index.php\/wp-json\/wp\/v2\/posts\/108050"}],"collection":[{"href":"https:\/\/www.cronacaonline.it\/index.php\/wp-json\/wp\/v2\/posts"}],"about":[{"href":"https:\/\/www.cronacaonline.it\/index.php\/wp-json\/wp\/v2\/types\/post"}],"author":[{"embeddable":true,"href":"https:\/\/www.cronacaonline.it\/index.php\/wp-json\/wp\/v2\/users\/2"}],"replies":[{"embeddable":true,"href":"https:\/\/www.cronacaonline.it\/index.php\/wp-json\/wp\/v2\/comments?post=108050"}],"version-history":[{"count":0,"href":"https:\/\/www.cronacaonline.it\/index.php\/wp-json\/wp\/v2\/posts\/108050\/revisions"}],"wp:attachment":[{"href":"https:\/\/www.cronacaonline.it\/index.php\/wp-json\/wp\/v2\/media?parent=108050"}],"wp:term":[{"taxonomy":"category","embeddable":true,"href":"https:\/\/www.cronacaonline.it\/index.php\/wp-json\/wp\/v2\/categories?post=108050"},{"taxonomy":"post_tag","embeddable":true,"href":"https:\/\/www.cronacaonline.it\/index.php\/wp-json\/wp\/v2\/tags?post=108050"}],"curies":[{"name":"wp","href":"https:\/\/api.w.org\/{rel}","templated":true}]}}