{"id":108049,"date":"2014-11-21T17:20:45","date_gmt":"2014-11-21T16:20:45","guid":{"rendered":"http:\/\/www.cronacaonline.it\/public\/content\/index.php\/21\/11\/2014\/faber-in-sardegna-il-documentario-di-gianfranco-cabiddu-dedicato-a-fabrizio-de-andre-in-anteprima-a-roma"},"modified":"2014-11-21T17:20:45","modified_gmt":"2014-11-21T16:20:45","slug":"faber-in-sardegna-il-documentario-di-gianfranco-cabiddu-dedicato-a-fabrizio-de-andre-in-anteprima-a-roma","status":"publish","type":"post","link":"https:\/\/www.cronacaonline.it\/index.php\/2014\/11\/21\/faber-in-sardegna-il-documentario-di-gianfranco-cabiddu-dedicato-a-fabrizio-de-andre-in-anteprima-a-roma\/","title":{"rendered":"Faber in Sardegna: Il documentario di Gianfranco Cabiddu dedicato a Fabrizio De Andr\u00e9 in anteprima a Roma"},"content":{"rendered":"<p>Si terr\u00e0 domenica 23 novembre alle 21:00 presso il Teatro Studio Borgna Auditorium Parco della Musica di Roma, la proiezione in anteprima assoluta di Faber in Sardegna, un documentario dedicato a Fabrizio De Andr\u00e9 diretto da Gianfranco Cabiddu. La proiezione sar\u00e0 accompagnata da un omaggio a De Andr\u00e9 con Dori Ghezzi, Cristiano De Andr\u00e9, Paolo Fresu, Rita Marcotulli e Maria Pia De Vito.<\/p>\n<p>\u201cFaber in Sardegna\u201d di Gianfranco Cabiddu \u00e8 un documentario musicale prodotto da Clipper Media in collaborazione con Rai Cinema in associazione con Maganos &amp; Ass. Time in Jazz e realizzato con il sostegno della Fondazione Sardegna Film Commission per raccontare il complesso rapporto tra Fabrizio De Andr\u00e9 e un luogo speciale come l\u2019Agnata e la Sardegna, con i suoi suoni, le musiche, la sua lingua.<\/p>\n<p>Un film musicale che alterna passato e presente. Il passato evocato dalle rare immagini d\u2019archivio che lo ritraggono all\u2019Agnata, fotografie e spezzoni di filmati familiari, testimonianze che raccontano un De Andr\u00e9 privato, intimo e mettono in luce la vita di un uomo che, smessi i panni dell\u2019artista conosciuto da tutti, indossa quelli dell\u2019allevatore e del contadino; il presente che va oltre il tempo concentrandosi sulla sua musica, suonata oggi dai tanti musicisti che ogni anno all\u2019Agnata danno vita a concerti unplugged, che hanno il sapore di un ritrovarsi tra amici per il piacere di cantare insieme le sue canzoni. <\/p>\n<p>Tra le interviste, varie personalit\u00e0 della cultura - tra cui Renzo Piano -&nbsp; e della musica e molti amici sardi del cantautore genovese. Molti, inoltre, i musicisti che fanno un omaggio dal vivo a De Andr\u00e9, ripresi durante i vari concerti all'Agnata organizzati dal Festival Time in Jazz in collaborazione con la Fondazione De Andr\u00e9 (dal 2005 al 2011): tra questi Paolo Fresu, Danilo Rea, Gianmaria Testa, Lella Costa, Maria Pia De Vito, Rita Marcotulli e Cristiano De Andr\u00e9.&nbsp; Il documentario, distribuito da Microcinema sar\u00e0 in sala a gennaio 2015. Com<\/p>\n","protected":false},"excerpt":{"rendered":"<p>Si terr\u00e0 domenica 23 novembre alle 21:00 presso il Teatro Studio Borgna Auditorium Parco della Musica di Roma, la proiezione in anteprima assoluta di Faber&#8230;<\/p>\n","protected":false},"author":2,"featured_media":0,"comment_status":"closed","ping_status":"closed","sticky":false,"template":"","format":"standard","meta":[],"categories":[49],"tags":[],"_links":{"self":[{"href":"https:\/\/www.cronacaonline.it\/index.php\/wp-json\/wp\/v2\/posts\/108049"}],"collection":[{"href":"https:\/\/www.cronacaonline.it\/index.php\/wp-json\/wp\/v2\/posts"}],"about":[{"href":"https:\/\/www.cronacaonline.it\/index.php\/wp-json\/wp\/v2\/types\/post"}],"author":[{"embeddable":true,"href":"https:\/\/www.cronacaonline.it\/index.php\/wp-json\/wp\/v2\/users\/2"}],"replies":[{"embeddable":true,"href":"https:\/\/www.cronacaonline.it\/index.php\/wp-json\/wp\/v2\/comments?post=108049"}],"version-history":[{"count":0,"href":"https:\/\/www.cronacaonline.it\/index.php\/wp-json\/wp\/v2\/posts\/108049\/revisions"}],"wp:attachment":[{"href":"https:\/\/www.cronacaonline.it\/index.php\/wp-json\/wp\/v2\/media?parent=108049"}],"wp:term":[{"taxonomy":"category","embeddable":true,"href":"https:\/\/www.cronacaonline.it\/index.php\/wp-json\/wp\/v2\/categories?post=108049"},{"taxonomy":"post_tag","embeddable":true,"href":"https:\/\/www.cronacaonline.it\/index.php\/wp-json\/wp\/v2\/tags?post=108049"}],"curies":[{"name":"wp","href":"https:\/\/api.w.org\/{rel}","templated":true}]}}