{"id":108028,"date":"2014-11-24T17:20:45","date_gmt":"2014-11-24T16:20:45","guid":{"rendered":"http:\/\/www.cronacaonline.it\/public\/content\/index.php\/24\/11\/2014\/abbasanta-mobilitazione-lavoratori-edili-il-27-novembre-2014"},"modified":"2014-11-24T17:20:45","modified_gmt":"2014-11-24T16:20:45","slug":"abbasanta-mobilitazione-lavoratori-edili-il-27-novembre-2014","status":"publish","type":"post","link":"https:\/\/www.cronacaonline.it\/index.php\/2014\/11\/24\/abbasanta-mobilitazione-lavoratori-edili-il-27-novembre-2014\/","title":{"rendered":"Abbasanta. Mobilitazione lavoratori edili il 27 novembre 2014"},"content":{"rendered":"<p>Oltre un miliardo e 500 mila di euro, da destinare alla realizzazione di opere pubbliche, sono chiusi nelle casseforti di Stato, Regione, Comuni ed enti locali. Autentica manna per il settore delle costruzioni che in Sardegna attraversa una crisi difficile, sicuramente la pi\u00f9 grave degli ultimi 50 anni.<\/p>\n<p>Un tesoretto che \u2013 come detto stamattina nel corso di una conferenza stampa \u2013 i segretari generali degli edili Giovanni Matta (Filca- Cisl), Enrico Cordeddu (Fillea-Cgil) e Marco Foddai (Fenal Uil) chiedono si metta subito in circolazione per aprire cantieri e avviare lavori progettati e appaltati.&nbsp; Servono per far respirare, dopo un\u2019apnea di quasi sei anni, l\u2019edilizia sarda in ginocchio.<\/p>\n<p>Dal 2008 sindacati, imprenditori e casse edili registrano la chiusura di molti cantieri e un calo costante dei posti di lavoro stimato in 28 mila occupati in meno. E\u2019 il dramma. I sindacati vogliono fermare la deriva sociale che accompagna sempre il dramma del non lavoro. Gioved\u00ec prossimo 27 novembre, Filca-Cisl, Feneal-Uil e Fillea-Cgil si mobiliteranno, con manifestazione ad Abbasanta, localit\u00e0 \u201cNuraghe Losa\u201d.<\/p>\n<p>Facile prevedere rallentamenti alla circolazione nella statale \u201c131\u201d soprattutto in direzione Sassari-Cagliari. \u201cIn lotta per il futuro\u201d \u00e8 lo slogan dei sindacati degli edili, che vogliono che si rilanci il settore sia sul fronte della qualit\u00e0 dell\u2019impresa, sia su quello della regolarit\u00e0 del lavoro, della legalit\u00e0 e della sostenibilit\u00e0.<\/p>\n<p>Sette gli obiettivi della manifestazione: sbloccare gli investimenti, in opere pubbliche, rilanciare la filiera delle costruzioni, favorire un\u2019edilizia di qualit\u00e0 ecosostenibile, rilanciare il settore nel segno della trasparenza degli appalti, della qualit\u00e0 del lavoro e della regolarit\u00e0, reperire le risorse necessarie a garantire la copertura degli ammortizzatori sociali, rafforzamento dei controlli e delle sanzioni e, infine, modifica della legge Fornero.<\/p>\n<p>La manifestazione sar\u00e0 aperta da Giovanni Matta, segretario generale Filca Cisl. Seguiranno gli interventi di Michele Carrus (segretario generale Cgil Sardegna) e conclusioni di Emilio Correale, segretario nazionale Feneal Uil. Saranno presenti il segretario generale Cisl Sardegna, Oriana Putzolu, il segretario generale Uil Sardegna, Francesca Ticca, i segretari regionali Fillea Cgil, Enrico Cordeddu, e Feneal Uil regionale, Marco Foddai. Com<\/p>\n","protected":false},"excerpt":{"rendered":"<p>Oltre un miliardo e 500 mila di euro, da destinare alla realizzazione di opere pubbliche, sono chiusi nelle casseforti di Stato, Regione, Comuni ed enti&#8230;<\/p>\n","protected":false},"author":2,"featured_media":0,"comment_status":"closed","ping_status":"closed","sticky":false,"template":"","format":"standard","meta":[],"categories":[49],"tags":[],"_links":{"self":[{"href":"https:\/\/www.cronacaonline.it\/index.php\/wp-json\/wp\/v2\/posts\/108028"}],"collection":[{"href":"https:\/\/www.cronacaonline.it\/index.php\/wp-json\/wp\/v2\/posts"}],"about":[{"href":"https:\/\/www.cronacaonline.it\/index.php\/wp-json\/wp\/v2\/types\/post"}],"author":[{"embeddable":true,"href":"https:\/\/www.cronacaonline.it\/index.php\/wp-json\/wp\/v2\/users\/2"}],"replies":[{"embeddable":true,"href":"https:\/\/www.cronacaonline.it\/index.php\/wp-json\/wp\/v2\/comments?post=108028"}],"version-history":[{"count":0,"href":"https:\/\/www.cronacaonline.it\/index.php\/wp-json\/wp\/v2\/posts\/108028\/revisions"}],"wp:attachment":[{"href":"https:\/\/www.cronacaonline.it\/index.php\/wp-json\/wp\/v2\/media?parent=108028"}],"wp:term":[{"taxonomy":"category","embeddable":true,"href":"https:\/\/www.cronacaonline.it\/index.php\/wp-json\/wp\/v2\/categories?post=108028"},{"taxonomy":"post_tag","embeddable":true,"href":"https:\/\/www.cronacaonline.it\/index.php\/wp-json\/wp\/v2\/tags?post=108028"}],"curies":[{"name":"wp","href":"https:\/\/api.w.org\/{rel}","templated":true}]}}