{"id":108019,"date":"2014-11-24T17:20:45","date_gmt":"2014-11-24T16:20:45","guid":{"rendered":"http:\/\/www.cronacaonline.it\/public\/content\/index.php\/24\/11\/2014\/riforma-degli-enti-locali-protocollo-dintesa-sul-personale-tra-regione-e-sindacati"},"modified":"2014-11-24T17:20:45","modified_gmt":"2014-11-24T16:20:45","slug":"riforma-degli-enti-locali-protocollo-dintesa-sul-personale-tra-regione-e-sindacati","status":"publish","type":"post","link":"https:\/\/www.cronacaonline.it\/index.php\/2014\/11\/24\/riforma-degli-enti-locali-protocollo-dintesa-sul-personale-tra-regione-e-sindacati\/","title":{"rendered":"Riforma degli Enti Locali: protocollo d\u2019intesa sul personale tra regione e sindacati"},"content":{"rendered":"<p>La Regione ha stipulato un protocollo d\u2019intesa per l\u2019attuazione, il monitoraggio e la qualificazione delle funzioni del personale coinvolto nel processo di riordino degli enti locali con Anci, Ups, Cgil, Cisl, Uil, Fp Cgil, Cisl Fp e Uil Fpl. Sar\u00e0 istituito un tavolo permanente a livello regionale di confronto e monitoraggio del personale delle Province coinvolto nel processi di mobilit\u00e0 tra Enti. \u201cQuesto consentir\u00e0 di agevolare \u2013 ha detto l\u2019assessore degli Enti locali Cristiano Erriu- il percorso di riqualificazione professionale dei dipendenti, la continuit\u00e0 del lavoro e la posizione giuridica ed economica\u201d.<\/p>\n<p>La Regione, l\u2019Anci, Ups e sindacati si impegnano a monitorare le attivit\u00e0 degli enti interessati, perch\u00e9 il trasferimento del personale avvenga nel rispetto di quanto previsto dalla legge in materia di mobilit\u00e0, con l\u2019 applicazione delle norme contrattuali vigenti e la salvaguardia dei livelli occupazionali. \u201cSar\u00e0 anche osservata - ha proseguito l\u2019esponente della giunta Pigliaru- la situazione del lavoro precario e del personale delle societ\u00e0 in house degli Enti coinvolti nel processo di riforma\u201d.<\/p>\n<p>Gli eventuali processi di trasferimento delle funzioni non dovranno incidere sui vincoli di bilancio, sui limiti di spesa e delle assunzioni previsti per il personale delle amministrazioni che ricevono i dipendenti. \u201cI trasferimenti- ha spiegato l\u2019assessore Erriu- dovranno avvenire con garanzia di copertura per i trattamenti economici del personale trasferito e per gli altri rapporti in corso nei quali subentrino altri enti\u201d.<\/p>\n<p>Il protocollo d\u2019intesa prevede l\u2019impegno delle parti per raccogliere, analizzare e valutare i dati del personale a oggi impegnato nei servizi e nelle funzioni oggetto di possibile riordino, compresi i dati relativi a soggetti, diversi dalla Regione e dagli enti locali, cui sono affidati compiti o attivit\u00e0 riconducibili alle funzioni oggetto di riordino. Ci\u00f2 anche al fine di concordare iniziative per salvaguardare i livelli occupazionali anche attraverso l'Istituzione di un tavolo di confronto specifico.<\/p>\n","protected":false},"excerpt":{"rendered":"<p>La Regione ha stipulato un protocollo d\u2019intesa per l\u2019attuazione, il monitoraggio e la qualificazione delle funzioni del personale coinvolto nel processo di riordino degli enti&#8230;<\/p>\n","protected":false},"author":2,"featured_media":0,"comment_status":"closed","ping_status":"closed","sticky":false,"template":"","format":"standard","meta":[],"categories":[49],"tags":[],"_links":{"self":[{"href":"https:\/\/www.cronacaonline.it\/index.php\/wp-json\/wp\/v2\/posts\/108019"}],"collection":[{"href":"https:\/\/www.cronacaonline.it\/index.php\/wp-json\/wp\/v2\/posts"}],"about":[{"href":"https:\/\/www.cronacaonline.it\/index.php\/wp-json\/wp\/v2\/types\/post"}],"author":[{"embeddable":true,"href":"https:\/\/www.cronacaonline.it\/index.php\/wp-json\/wp\/v2\/users\/2"}],"replies":[{"embeddable":true,"href":"https:\/\/www.cronacaonline.it\/index.php\/wp-json\/wp\/v2\/comments?post=108019"}],"version-history":[{"count":0,"href":"https:\/\/www.cronacaonline.it\/index.php\/wp-json\/wp\/v2\/posts\/108019\/revisions"}],"wp:attachment":[{"href":"https:\/\/www.cronacaonline.it\/index.php\/wp-json\/wp\/v2\/media?parent=108019"}],"wp:term":[{"taxonomy":"category","embeddable":true,"href":"https:\/\/www.cronacaonline.it\/index.php\/wp-json\/wp\/v2\/categories?post=108019"},{"taxonomy":"post_tag","embeddable":true,"href":"https:\/\/www.cronacaonline.it\/index.php\/wp-json\/wp\/v2\/tags?post=108019"}],"curies":[{"name":"wp","href":"https:\/\/api.w.org\/{rel}","templated":true}]}}