{"id":107753,"date":"2014-12-10T17:20:44","date_gmt":"2014-12-10T16:20:44","guid":{"rendered":"http:\/\/www.cronacaonline.it\/public\/content\/index.php\/10\/12\/2014\/protesta-sla-assessore-paci-stiamo-facendo-il-possibile-per-sbloccare-immediatamente-altri-fondi-da-gennaio-senza-patto-mai-piu-situazioni-del-genere"},"modified":"2014-12-10T17:20:44","modified_gmt":"2014-12-10T16:20:44","slug":"protesta-sla-assessore-paci-stiamo-facendo-il-possibile-per-sbloccare-immediatamente-altri-fondi-da-gennaio-senza-patto-mai-piu-situazioni-del-genere","status":"publish","type":"post","link":"https:\/\/www.cronacaonline.it\/index.php\/2014\/12\/10\/protesta-sla-assessore-paci-stiamo-facendo-il-possibile-per-sbloccare-immediatamente-altri-fondi-da-gennaio-senza-patto-mai-piu-situazioni-del-genere\/","title":{"rendered":"Protesta Sla, Assessore Paci: stiamo facendo il possibile per sbloccare immediatamente altri fondi. Da gennaio senza patto mai pi\u00f9 situazioni del genere"},"content":{"rendered":"<p>\"Da parte dell'intera Giunta regionale, con in testa il presidente Pigliaru, c'\u00e8 grandissima attenzione e solidariet\u00e0 per i malati di Sla che oggi stanno protestando per chiedere lo sblocco degli ultimi 37 milioni del fondo per la non autosufficienza. Ma \u00e8 giusto precisare come stanno le cose - dice l'assessore della Programmazione e del Bilancio Raffaele Paci - non \u00e8 vero che se io volessi in due giorni, da solo, potrei sbloccare tutto, perch\u00e9 quei fondi sono all'interno del Patto di Stabilit\u00e0 ed esistono regole precise che sono state imposte.<\/p>\n<p>\u00c8 assurdo che i fondi della 162 siano all'interno del Patto, e su questo siamo tutti d'accordo, ma \u00e8 sempre stato cos\u00ec e questa \u00e8 la situazione che abbiamo trovato: tuttavia, in queste ore i nostri uffici stanno lavorando senza sosta per provare a sbloccare altri fondi, tirandoli fuori dal patto e inserendoli nella spesa sanitaria. Questi sono i motivi per cui la prima battaglia di questa Giunta \u00e8 stata andare a Roma e chiedere di uscire dal Patto di Stabilit\u00e0 - ricorda l'assessore Paci - Ci siamo riusciti e quello che abbiamo firmato a luglio \u00e8 un accordo storico, che ci eviter\u00e0 in futuro situazioni gravi come questa, e che da gennaio ci permetter\u00e0 di spendere tutto quello che la Sardegna incassa, senza gli assurdi vincoli del Patto. Vincoli che rischiavano di paralizzare per sempre potenzialit\u00e0 e sviluppo di un'intera isola, senza i quali dal prossimo anno riusciremo finalmente a dare risposte immediate anche a situazioni complicate e delicate come questa\". Red<\/p>\n","protected":false},"excerpt":{"rendered":"<p>&#8220;Da parte dell&#8217;intera Giunta regionale, con in testa il presidente Pigliaru, c&#8217;\u00e8 grandissima attenzione e solidariet\u00e0 per i malati di Sla che oggi stanno protestando&#8230;<\/p>\n","protected":false},"author":2,"featured_media":0,"comment_status":"closed","ping_status":"closed","sticky":false,"template":"","format":"standard","meta":[],"categories":[49],"tags":[],"_links":{"self":[{"href":"https:\/\/www.cronacaonline.it\/index.php\/wp-json\/wp\/v2\/posts\/107753"}],"collection":[{"href":"https:\/\/www.cronacaonline.it\/index.php\/wp-json\/wp\/v2\/posts"}],"about":[{"href":"https:\/\/www.cronacaonline.it\/index.php\/wp-json\/wp\/v2\/types\/post"}],"author":[{"embeddable":true,"href":"https:\/\/www.cronacaonline.it\/index.php\/wp-json\/wp\/v2\/users\/2"}],"replies":[{"embeddable":true,"href":"https:\/\/www.cronacaonline.it\/index.php\/wp-json\/wp\/v2\/comments?post=107753"}],"version-history":[{"count":0,"href":"https:\/\/www.cronacaonline.it\/index.php\/wp-json\/wp\/v2\/posts\/107753\/revisions"}],"wp:attachment":[{"href":"https:\/\/www.cronacaonline.it\/index.php\/wp-json\/wp\/v2\/media?parent=107753"}],"wp:term":[{"taxonomy":"category","embeddable":true,"href":"https:\/\/www.cronacaonline.it\/index.php\/wp-json\/wp\/v2\/categories?post=107753"},{"taxonomy":"post_tag","embeddable":true,"href":"https:\/\/www.cronacaonline.it\/index.php\/wp-json\/wp\/v2\/tags?post=107753"}],"curies":[{"name":"wp","href":"https:\/\/api.w.org\/{rel}","templated":true}]}}