{"id":107750,"date":"2014-12-10T17:20:44","date_gmt":"2014-12-10T16:20:44","guid":{"rendered":"http:\/\/www.cronacaonline.it\/public\/content\/index.php\/10\/12\/2014\/protezione-civile-spano-comuni-mai-piu-soli-davanti-alle-emergenze"},"modified":"2014-12-10T17:20:44","modified_gmt":"2014-12-10T16:20:44","slug":"protezione-civile-spano-comuni-mai-piu-soli-davanti-alle-emergenze","status":"publish","type":"post","link":"https:\/\/www.cronacaonline.it\/index.php\/2014\/12\/10\/protezione-civile-spano-comuni-mai-piu-soli-davanti-alle-emergenze\/","title":{"rendered":"Protezione civile, Spano: comuni mai pi\u00f9 soli davanti alle emergenze"},"content":{"rendered":"<p>\u201cGli indirizzi strategici del nuovo sistema di protezione civile saranno la prevenzione, il rapporto stabile e sinergico con gli enti locali e il riconoscimento del ruolo fondamentale svolto dalle Associazioni di volontariato\u201d ha dichiarato l'assessore dell'Ambiente Donatella Spano in occasione del Convegno Le Comunit\u00e0 locali nel sistema di Protezione Civile. L\u2019importanza della pianificazione, dell\u2019informazione e del Volontariato tenutosi ieri a Galtell\u00ec, in occasione dei 10 anni dall\u2019evento alluvionale che ha colpito il territorio.<\/p>\n<p>L\u2019Assessore, nel corso del suo intervento, ha segnalato gli importanti traguardi ottenuti grazie all\u2019impegno politico di questi mesi. Tra questi, l\u2019assegnazione da parte della UE di oltre 16 milioni di euro a favore della Sardegna, per i danni a beni di interesse pubblico causati dall\u2019alluvione, e la presentazione di un Disegno di Legge regionale che prevede l\u2019attivazione di un fondo speciale per fornire aiuti diretti ai privati a seguito di calamit\u00e0. L\u2019esponente della giunta Pigliaru ha inoltre ricordato come dal 2015 l\u2019assenza dei vincoli del patto di stabilit\u00e0 permetter\u00e0 una maggiore flessibilit\u00e0 per gli interventi di messa in sicurezza del territorio.<\/p>\n<p>\u201c\u00c8 necessario che tutti i comuni che ne sono ancora sprovvisti si dotino, in tempi brevi, del piano di emergenza comunale - ha concluso l\u2019Assessore Spano - e i piani gi\u00e0 presenti devono essere aggiornati in funzione delle disposizioni del Manuale operativo delle allerte, approvato dalla Giunta Regionale lo scorso novembre. I Sindaci non verranno lasciati soli in questo processo ma saranno affiancati e supportati dall\u2019Amministrazione Regionale tramite la Direzione Generale della Protezione Civile\u201d. Com<\/p>\n","protected":false},"excerpt":{"rendered":"<p>\u201cGli indirizzi strategici del nuovo sistema di protezione civile saranno la prevenzione, il rapporto stabile e sinergico con gli enti locali e il riconoscimento del&#8230;<\/p>\n","protected":false},"author":2,"featured_media":0,"comment_status":"closed","ping_status":"closed","sticky":false,"template":"","format":"standard","meta":[],"categories":[49],"tags":[],"_links":{"self":[{"href":"https:\/\/www.cronacaonline.it\/index.php\/wp-json\/wp\/v2\/posts\/107750"}],"collection":[{"href":"https:\/\/www.cronacaonline.it\/index.php\/wp-json\/wp\/v2\/posts"}],"about":[{"href":"https:\/\/www.cronacaonline.it\/index.php\/wp-json\/wp\/v2\/types\/post"}],"author":[{"embeddable":true,"href":"https:\/\/www.cronacaonline.it\/index.php\/wp-json\/wp\/v2\/users\/2"}],"replies":[{"embeddable":true,"href":"https:\/\/www.cronacaonline.it\/index.php\/wp-json\/wp\/v2\/comments?post=107750"}],"version-history":[{"count":0,"href":"https:\/\/www.cronacaonline.it\/index.php\/wp-json\/wp\/v2\/posts\/107750\/revisions"}],"wp:attachment":[{"href":"https:\/\/www.cronacaonline.it\/index.php\/wp-json\/wp\/v2\/media?parent=107750"}],"wp:term":[{"taxonomy":"category","embeddable":true,"href":"https:\/\/www.cronacaonline.it\/index.php\/wp-json\/wp\/v2\/categories?post=107750"},{"taxonomy":"post_tag","embeddable":true,"href":"https:\/\/www.cronacaonline.it\/index.php\/wp-json\/wp\/v2\/tags?post=107750"}],"curies":[{"name":"wp","href":"https:\/\/api.w.org\/{rel}","templated":true}]}}