{"id":107749,"date":"2014-12-10T17:20:44","date_gmt":"2014-12-10T16:20:44","guid":{"rendered":"http:\/\/www.cronacaonline.it\/public\/content\/index.php\/10\/12\/2014\/spano-comitato-regionale-faunistico-gia-costituito"},"modified":"2014-12-10T17:20:44","modified_gmt":"2014-12-10T16:20:44","slug":"spano-comitato-regionale-faunistico-gia-costituito","status":"publish","type":"post","link":"https:\/\/www.cronacaonline.it\/index.php\/2014\/12\/10\/spano-comitato-regionale-faunistico-gia-costituito\/","title":{"rendered":"Spano: comitato regionale faunistico gi\u00e0 costituito"},"content":{"rendered":"<p>Questa mattina l\u2019Assessore della Difesa dell\u2019Ambiente ha ricevuto i rappresentanti dell\u2019Associazione Caccia e Pesca che manifestavano nel piazzale antistante l\u2019Assessorato per la presunta mancata costituzione del Comitato Regionale Faunistico.<\/p>\n<p>Come da richiesta dei tre rappresentanti, l\u2019Assessore ha ricevuto tutti i manifestanti e ha reso noto che il Comitato Regionale Faunistico \u00e8 gi\u00e0 stato costituito con Decreto firmato il 4 dicembre scorso e domani 11 dicembre verr\u00e0 pubblicato sul BURAS. La delegazione dei cacciatori \u00e8 stata inoltre informata che entro il mese di dicembre saranno completate tutte le Commissioni venatorie provinciali ed ha ricevuto rassicurazioni circa la convocazione del comitato in tempi brevi.<\/p>\n","protected":false},"excerpt":{"rendered":"<p>Questa mattina l\u2019Assessore della Difesa dell\u2019Ambiente ha ricevuto i rappresentanti dell\u2019Associazione Caccia e Pesca che manifestavano nel piazzale antistante l\u2019Assessorato per la presunta mancata costituzione&#8230;<\/p>\n","protected":false},"author":2,"featured_media":0,"comment_status":"closed","ping_status":"closed","sticky":false,"template":"","format":"standard","meta":[],"categories":[49],"tags":[],"_links":{"self":[{"href":"https:\/\/www.cronacaonline.it\/index.php\/wp-json\/wp\/v2\/posts\/107749"}],"collection":[{"href":"https:\/\/www.cronacaonline.it\/index.php\/wp-json\/wp\/v2\/posts"}],"about":[{"href":"https:\/\/www.cronacaonline.it\/index.php\/wp-json\/wp\/v2\/types\/post"}],"author":[{"embeddable":true,"href":"https:\/\/www.cronacaonline.it\/index.php\/wp-json\/wp\/v2\/users\/2"}],"replies":[{"embeddable":true,"href":"https:\/\/www.cronacaonline.it\/index.php\/wp-json\/wp\/v2\/comments?post=107749"}],"version-history":[{"count":0,"href":"https:\/\/www.cronacaonline.it\/index.php\/wp-json\/wp\/v2\/posts\/107749\/revisions"}],"wp:attachment":[{"href":"https:\/\/www.cronacaonline.it\/index.php\/wp-json\/wp\/v2\/media?parent=107749"}],"wp:term":[{"taxonomy":"category","embeddable":true,"href":"https:\/\/www.cronacaonline.it\/index.php\/wp-json\/wp\/v2\/categories?post=107749"},{"taxonomy":"post_tag","embeddable":true,"href":"https:\/\/www.cronacaonline.it\/index.php\/wp-json\/wp\/v2\/tags?post=107749"}],"curies":[{"name":"wp","href":"https:\/\/api.w.org\/{rel}","templated":true}]}}