{"id":107680,"date":"2014-12-16T17:20:44","date_gmt":"2014-12-16T16:20:44","guid":{"rendered":"http:\/\/www.cronacaonline.it\/public\/content\/index.php\/16\/12\/2014\/gli-stivaletti-di-petr-ili269-268ajkovskij-domani-a-radio-rai-sardegna"},"modified":"2014-12-16T17:20:44","modified_gmt":"2014-12-16T16:20:44","slug":"gli-stivaletti-di-petr-ili269-268ajkovskij-domani-a-radio-rai-sardegna","status":"publish","type":"post","link":"https:\/\/www.cronacaonline.it\/index.php\/2014\/12\/16\/gli-stivaletti-di-petr-ili269-268ajkovskij-domani-a-radio-rai-sardegna\/","title":{"rendered":"Gli stivaletti di P\u00ebtr Il\u2019i\u010d \u010cajkovskij domani a Radio Rai Sardegna"},"content":{"rendered":"<p>Domani, mercoled\u00ec 17 dicembre, alle 12.30, a Radio Rai Sardegna (90,7 MHz), la trasmissione \u201cAncora un giorno con Radio Sardegna\u201d, curata e condotta da Stefania Martis, \u00e8 interamente dedicata all\u2019allestimento dell\u2019opera Gli stivaletti di P\u00ebtr Il\u2019i&#269; &#268;ajkovskij che, dal 19 al 30 dicembre, va in scena al Teatro Lirico di Cagliari.<\/p>\n<p>La puntata, della durata di 30 minuti, prevede una lunga intervista al giornalista e musicologo Stefano Valanzuolo, ospite in studio, e numerosi ascolti musicali tratti dall\u2019opera lirica di &#268;ajkovskij.<\/p>\n","protected":false},"excerpt":{"rendered":"<p>Domani, mercoled\u00ec 17 dicembre, alle 12.30, a Radio Rai Sardegna (90,7 MHz), la trasmissione \u201cAncora un giorno con Radio Sardegna\u201d, curata e condotta da Stefania&#8230;<\/p>\n","protected":false},"author":2,"featured_media":0,"comment_status":"closed","ping_status":"closed","sticky":false,"template":"","format":"standard","meta":[],"categories":[49],"tags":[],"_links":{"self":[{"href":"https:\/\/www.cronacaonline.it\/index.php\/wp-json\/wp\/v2\/posts\/107680"}],"collection":[{"href":"https:\/\/www.cronacaonline.it\/index.php\/wp-json\/wp\/v2\/posts"}],"about":[{"href":"https:\/\/www.cronacaonline.it\/index.php\/wp-json\/wp\/v2\/types\/post"}],"author":[{"embeddable":true,"href":"https:\/\/www.cronacaonline.it\/index.php\/wp-json\/wp\/v2\/users\/2"}],"replies":[{"embeddable":true,"href":"https:\/\/www.cronacaonline.it\/index.php\/wp-json\/wp\/v2\/comments?post=107680"}],"version-history":[{"count":0,"href":"https:\/\/www.cronacaonline.it\/index.php\/wp-json\/wp\/v2\/posts\/107680\/revisions"}],"wp:attachment":[{"href":"https:\/\/www.cronacaonline.it\/index.php\/wp-json\/wp\/v2\/media?parent=107680"}],"wp:term":[{"taxonomy":"category","embeddable":true,"href":"https:\/\/www.cronacaonline.it\/index.php\/wp-json\/wp\/v2\/categories?post=107680"},{"taxonomy":"post_tag","embeddable":true,"href":"https:\/\/www.cronacaonline.it\/index.php\/wp-json\/wp\/v2\/tags?post=107680"}],"curies":[{"name":"wp","href":"https:\/\/api.w.org\/{rel}","templated":true}]}}