{"id":107669,"date":"2014-12-16T17:20:44","date_gmt":"2014-12-16T16:20:44","guid":{"rendered":"http:\/\/www.cronacaonline.it\/public\/content\/index.php\/16\/12\/2014\/giunta-regione-sardegna-approvati-vari-provvedimenti"},"modified":"2014-12-16T17:20:44","modified_gmt":"2014-12-16T16:20:44","slug":"giunta-regione-sardegna-approvati-vari-provvedimenti","status":"publish","type":"post","link":"https:\/\/www.cronacaonline.it\/index.php\/2014\/12\/16\/giunta-regione-sardegna-approvati-vari-provvedimenti\/","title":{"rendered":"Giunta Regione Sardegna: approvati vari provvedimenti."},"content":{"rendered":"<p>Seduta di Giunta caratterizzata dall\u2019approvazione di numerose delibere, quella svoltasi oggi nella sede di viale Trento a Cagliari. Tra le pi\u00f9 importanti quella sulla peste suina proposta dal presidente Francesco Pigliaru: la Giunta, nel rispetto de tempi concordati con il Ministero, ha adottato il piano di contrasto e di eradicazione della peste suina che, prima della approvazione definitiva, dovr\u00e0 avere il via libera dal Ministero della Sanit\u00e0, dalla Commissione Europea e dal Consiglio Regionale.<\/p>\n<p>Lavoro - Su proposta dell'assessore Virginia Mura, l'esecutivo ha approvato una delibera che incrementa di 1 milione e 845 mila euro i fondi per le politiche attive del lavoro e per le misure di Flexicurity. La somma sar\u00e0 utilizzata per rendere pi\u00f9 appetibile il \u201cbonus occupazionale\u201d che passer\u00e0 da 6000 a 7500 euro per l'attivazione di un contratto a tempo indeterminato per almeno 1300 persone disoccupate o non pi\u00f9 nelle condizioni di usufruire di ammortizzatori sociali. Le risorse finanziarie provengono da una rimodulazione del POR FSE 2007-2013.<\/p>\n<p>Agricoltura - Via libera, su proposta dell\u2019assessore Elisabetta Falchi, alla riprogrammazione delle economie del Programma di Sviluppo Rurale 2007-2013. La delibera, di fatto, consente di non compromettere l\u2019impegno e la spesa dei fondi residui da parte dei GAL. Gli interventi riguardano gli Assi sulla qualit\u00e0 della vita nelle zone rurali e la diversificazione dell'economia rurale, e l'attuazione dell'approccio leader. Le risorse saranno destinate a progetti strategici di valenza regionale. Ammontano a poco pi\u00f9 di un milione di euro, invece, i fondi destinati alle organizzazioni di produttori agricoli non ortofrutta, inseriti in un\u2019altra delibera proposta dall\u2019assessore. Le risorse derivano dalla precedente programmazione Argea (803 mila euro, giacenti nel bilancio dell'Agenzia) e dal bilancio regionale 2014 (200 mila euro). La somma assicura la copertura finanziaria dell'annualit\u00e0 2015 dei programmi di attivit\u00e0 e dei programmi di avviamento approvati e in corso di approvazione, e gli interventi che erano stati finanziati nelle precedenti annualit\u00e0. \u201cIl nostro obiettivo \u2013 ha detto l'assessore Falchi \u2013 \u00e8 contrastare l'estrema polverizzazione dell'offerta produttiva, con aziende di dimensione spesso non adeguate a competere sui mercati, e favorire l'accorpamento delle imprese per dare valore aggiunto alla filiera agroalimentare\u201d.<\/p>\n<p>Enti Locali - La giunta, su proposta dell'assessore Cristiano Erriu, ha approvato la delibera con la quale viene sciolto il consiglio comunale di Orani. L'esecutivo ha nominato Francesco Pani commissario straordinario per la provvisoria gestione del Comune sino alle prossime elezioni previste a maggio. Nel novembre dell'anno scorso, era stato il commissario ad acta ad approvare il bilancio.<\/p>\n<p>Ambiente - Si va verso una nuova governance dell'Azienda Speciale Parco di Porto Conte, l'ente di gestione del Parco Naturale regionale di Porto Conte. La Giunta, su proposta dell'assessore Donatella Spano, ha approvato un DL di modifica della legge regionale istitutiva del Parco. Il nuovo quadro normativo nazionale (legge Severino) rende incompatibile l'attuale assetto istituzionale dell'Azienda Speciale, la cui assemblea coincide con il consiglio comunale in carica e il presidente \u00e8 individuato al suo interno. Una nuova legge regionale dovr\u00e0 risolvere l'attuale situazione di incompatibilit\u00e0.<\/p>\n<p>Industria - Oltre alle due delibere su Igea, la Giunta, su proposta dell'assessore Maria Grazia Piras, ha approvato una delibera che autorizza il commissario liquidatore del Consorzio ZIR di Tempio a concedere in comodato gratuito alla Regione, per la durata di 25 anni, un'area di propriet\u00e0 dello stesso Consorzio, da destinare all'installazione di un modulo prefabbricato per realizzarvi una rete d'accesso in fibra ottica nella zona industriale.<\/p>\n<p>Sanit\u00e0 - Approvato, su proposta dell\u2019assessore Luigi Arru, il censimento del patrimonio immobiliare dell'Azienda Sanitaria numero 3 di Nuoro. Via libera anche alla ripartizione tra le Aziende Sanitarie Locali dei fondi regionali per la prevenzione del randagismo e il controllo delle nascite degli animali di affezione. Approvati, infine, la convenzione con la direzione regionale per la Sardegna dei Vigili del Fuoco per il servizio di elisoccorso sanitario nel 2015, e il finanziamento dei contratti di Formazione Specialistica per la frequenza delle Scuole di Specializzazione in discipline mediche delle Facolt\u00e0 di Medicina e chirurgia di Cagliari e Sassari.<\/p>\n<p>Affari Generali - Su proposta dell'assessore Gianmario Demuro \u00e8 stata approvata la copertura delle spese relative al soggiorno degli END (Esperti Nazionali Distaccati) presso la sede estera. La delibera stabilisce la corresponsione dell'indennit\u00e0 speciale in misura pari al 90 per cento di quella stabilita per i dipendenti regionali all'estero.<\/p>\n<p>Lavori Pubblici - Su proposta dell'assessore Paolo Maninchedda \u00e8 stata approvata una delibera che stanzia 80 mila euro a favore dell'Azienda Regionale per l'Edilizia Abitativa (AREA). Le risorse regionali, assegnate al Fondo sociale, riguardano l'assegnazione dello stanziamento 2014 e saranno destinate alla fascia pi\u00f9 debole di assegnatari di alloggi di edilizia residenziale pubblica.<\/p>\n<p>Trasporti - Su proposta dell'assessore dei Trasporti Massimo Deiana, \u00e8 stata decisa la ricapitalizzazione della Sogeaal con 11 milioni e 700 milioni di euro (la ricostituzione del capitale sociale e la copertura delle perdite richiede un intervento di 7 milioni e 754 milioni). La Sogeaal, societ\u00e0 di gestione dell'aeroporto di Alghero, domani riunir\u00e0 l'assemblea dei soci. Essendo per\u00f2 l'obiettivo finale quello di irrobustire la societ\u00e0 e rilanciarne l'attivit\u00e0, l'esecutivo ha poi deciso di collocare sul mercato parte della quota di partecipazione azionaria in capo alla Regione. L'assemblea dei soci, in base a un atto di indirizzo della Giunta, dovr\u00e0 garantire che rester\u00e0 pubblico il 20% del capitale sociale e stabilire che sulla quota azionaria eccedente quel 20% non venga esercitato il diritto di opzione. Alla sottoscrizione delle quote dovranno essere ammessi solo soggetti che svolgano attivit\u00e0 nel settore aeroportuale o delle infrastrutture per la mobilit\u00e0 e la valutazione dovr\u00e0 avvenire selezionando la migliore offerta economica rispetto al valore nominale delle azioni.<\/p>\n<p>Pubblica Istruzione - Su proposta dell'assessore Claudia Firino, \u00e8 stato approvato il finanziamento del programma per il 2014 delle attivit\u00e0 proposte dal Comitato regionale del Coni e autorizzato l'anticipazione pari al 60% del contributo totale che \u00e8 pari a 360.180 euro. I finanziamenti sono cos\u00ec suddivisi: 40 mila euro alle Delegazioni Provinciali Coni per spese di gestione e funzionamento; 40 mila a Scuola dello Sport; 118 mila per Monitoraggio e Banca Dati impianti sportivi e Albo regionale delle societ\u00e0 sportive; 12.180 euro per i Giochi della Giovent\u00f9; 40 mila al Progetto Sport di Classe; 90mila per organizzazione e promozione di Turisport. Infine, 20 mila euro finanzieranno attivit\u00e0 di ricerca, studi e convegni per progetti sul territorio.<\/p>\n<p>Programmazione - La Giunta, su proposta dell'assessore Raffaele Paci, ha preso atto dell'approvazione da parte della Commissione Europea della rimodulazione di una parte dei fondi Fesr non spesi all'interno della programmazione 2007-2013.<\/p>\n<p><\/p>\n","protected":false},"excerpt":{"rendered":"<p>Seduta di Giunta caratterizzata dall\u2019approvazione di numerose delibere, quella svoltasi oggi nella sede di viale Trento a Cagliari. Tra le pi\u00f9 importanti quella sulla peste&#8230;<\/p>\n","protected":false},"author":2,"featured_media":0,"comment_status":"closed","ping_status":"closed","sticky":false,"template":"","format":"standard","meta":[],"categories":[49],"tags":[],"_links":{"self":[{"href":"https:\/\/www.cronacaonline.it\/index.php\/wp-json\/wp\/v2\/posts\/107669"}],"collection":[{"href":"https:\/\/www.cronacaonline.it\/index.php\/wp-json\/wp\/v2\/posts"}],"about":[{"href":"https:\/\/www.cronacaonline.it\/index.php\/wp-json\/wp\/v2\/types\/post"}],"author":[{"embeddable":true,"href":"https:\/\/www.cronacaonline.it\/index.php\/wp-json\/wp\/v2\/users\/2"}],"replies":[{"embeddable":true,"href":"https:\/\/www.cronacaonline.it\/index.php\/wp-json\/wp\/v2\/comments?post=107669"}],"version-history":[{"count":0,"href":"https:\/\/www.cronacaonline.it\/index.php\/wp-json\/wp\/v2\/posts\/107669\/revisions"}],"wp:attachment":[{"href":"https:\/\/www.cronacaonline.it\/index.php\/wp-json\/wp\/v2\/media?parent=107669"}],"wp:term":[{"taxonomy":"category","embeddable":true,"href":"https:\/\/www.cronacaonline.it\/index.php\/wp-json\/wp\/v2\/categories?post=107669"},{"taxonomy":"post_tag","embeddable":true,"href":"https:\/\/www.cronacaonline.it\/index.php\/wp-json\/wp\/v2\/tags?post=107669"}],"curies":[{"name":"wp","href":"https:\/\/api.w.org\/{rel}","templated":true}]}}